{"id":868,"date":"2012-10-08T20:16:49","date_gmt":"2012-10-08T20:16:49","guid":{"rendered":"http:\/\/cme.santarosa.rs.gov.br\/?p=868"},"modified":"2012-10-12T21:54:54","modified_gmt":"2012-10-12T21:54:54","slug":"diploma-paulo-freire","status":"publish","type":"post","link":"https:\/\/cme.santarosa.rs.gov.br\/?p=868","title":{"rendered":"DIPLOMA PAULO FREIRE"},"content":{"rendered":"<p><a href=\"http:\/\/cme.santarosa.rs.gov.br\/wp-content\/uploads\/2012\/10\/Paul-Harris1.jpg\"><br \/>\n<\/a><a href=\"http:\/\/cme.santarosa.rs.gov.br\/wp-content\/uploads\/2012\/10\/Paul-Harris.jpg\"><br \/>\n<\/a>O Conselho Municipal de Educa\u00e7\u00e3o recebeu nesse ano para an\u00e1lise, 6 projetos para concorrer ao Diploma Paulo Freire.<\/p>\n<p><strong>1) Instituto Educacional de Educa\u00e7\u00e3o Visconde de Cairu (dois projetos)<\/strong><\/p>\n<p>Tema: Audeobooks<\/p>\n<p>Tema:\u00a0 Acessibilidade arquitet\u00f4nica e de informa\u00e7\u00e3o para os estudantes com defici\u00eancia f\u00edsica do Curso T\u00e9cnico em Publicidade no mercado de trabalho<\/p>\n<p><strong>2) Escola de Educa\u00e7\u00e3o Especial Albino Mincks-APAE<\/strong><\/p>\n<p>Tema: Projeto Tranpar\u00eancia e Cidadania<\/p>\n<p><strong>3) Escola Municipal de Ensino Fundamental Duque de Caxias<\/strong><\/p>\n<p>Tema: Escola viva<\/p>\n<p><strong>4) Escola Municipal de Ensino Fundamental Paul Harris<\/strong><\/p>\n<p>Tema: Escola e Fam\u00edlia:parceria no processo educativo<\/p>\n<p><strong>5) Escola de Ensino M\u00e9dio Conc\u00f3rdia para Surdos- APADA<\/strong><\/p>\n<p>Tema: Bem\u00a0\u00a0 Estar na Escola de Surdos<\/p>\n<p>O Conselho Municipal de Educa\u00e7\u00e3o montou uma comiss\u00e3o especial para an\u00e1lise dos projetos e com base no Regulamento, decidiu o melhor projeto para 2012, que atendeu a esses crit\u00e9rios .<\/p>\n<p>A cerim\u00f4nia vai acontecer no dia 15 de outubro no Centro C\u00edvico Cultural Ant\u00f4nio Carlos Borges, as 20 h, ap\u00f3s a realiza\u00e7\u00e3o de uma pe\u00e7a teatral promovida pela SMEJ em comemora\u00e7\u00e3o ao dia do professor.<\/p>\n<p>O ato \u00e9 coordenado pela C\u00e2mara Municiapl de Veradores, respons\u00e1vel pala concess\u00e3o do Diploma Paulo Freire as escolas.<\/p>\n<p>Na edi\u00e7\u00e3o 2012, o pr\u00eamio ser\u00e1 entregue a Escola Municipal de Ensino Fundamental Paul Harris, a qual apresentou um excelente trabalho envolvendo a comunidade escolar. As demais escolas ser\u00e3o homenageadas.<\/p>\n<p>O Diploma Paulo Freire \u00e9\u00a0um pr\u00eamio, um destaque, uma forma de homenagear aqueles que atuam incansavelmente no posicionamento firme quanto \u00e0 possibilidade de transforma\u00e7\u00e3o da realidade injusta e excludente da sociedade. Educadores, formadores, s\u00e3o aqueles que apresentam possibilidades concretas de realiza\u00e7\u00e3o de mudan\u00e7as a partir de uma pr\u00e1tica pedag\u00f3gica cotidiana na escola, encantando, amando e fazendo da educa\u00e7\u00e3o a alegria de viver, amar e ser solid\u00e1rio. Todos os educadores merecem um destaque neste m\u00eas de outubro para lembrar o grande mestre Paulo Freire e receber a gratid\u00e3o pelo seu fazer, que exige coragem e esperan\u00e7a.<\/p>\n<p><!--more--><\/p>\n<p><a href=\"http:\/\/cme.santarosa.rs.gov.br\/wp-content\/uploads\/2012\/10\/69124_351097548313345_1637270072_n.jpg\"><img loading=\"lazy\" decoding=\"async\" class=\"alignleft size-medium wp-image-875\" title=\"69124_351097548313345_1637270072_n\" src=\"http:\/\/cme.santarosa.rs.gov.br\/wp-content\/uploads\/2012\/10\/69124_351097548313345_1637270072_n-234x300.jpg\" alt=\"\" width=\"234\" height=\"300\" srcset=\"https:\/\/cme.santarosa.rs.gov.br\/wp-content\/uploads\/2012\/10\/69124_351097548313345_1637270072_n-234x300.jpg 234w, https:\/\/cme.santarosa.rs.gov.br\/wp-content\/uploads\/2012\/10\/69124_351097548313345_1637270072_n.jpg 250w\" sizes=\"(max-width: 234px) 100vw, 234px\" \/><\/a><a href=\"http:\/\/cme.santarosa.rs.gov.br\/wp-content\/uploads\/2012\/10\/539292_4757841347897_677227989_n.jpg\"><img loading=\"lazy\" decoding=\"async\" class=\"alignright size-medium wp-image-876\" title=\"539292_4757841347897_677227989_n\" src=\"http:\/\/cme.santarosa.rs.gov.br\/wp-content\/uploads\/2012\/10\/539292_4757841347897_677227989_n-300x225.jpg\" alt=\"\" width=\"300\" height=\"225\" srcset=\"https:\/\/cme.santarosa.rs.gov.br\/wp-content\/uploads\/2012\/10\/539292_4757841347897_677227989_n-300x225.jpg 300w, https:\/\/cme.santarosa.rs.gov.br\/wp-content\/uploads\/2012\/10\/539292_4757841347897_677227989_n.jpg 960w\" sizes=\"(max-width: 300px) 100vw, 300px\" \/><\/a><\/p>\n<p>&nbsp;<\/p>\n<p><a href=\"http:\/\/cme.santarosa.rs.gov.br\/wp-content\/uploads\/2012\/10\/Paul-Harris2.jpg\"><img loading=\"lazy\" decoding=\"async\" class=\"alignright size-full wp-image-881\" title=\"Paul Harris\" src=\"http:\/\/cme.santarosa.rs.gov.br\/wp-content\/uploads\/2012\/10\/Paul-Harris2.jpg\" alt=\"\" width=\"180\" height=\"144\" \/><\/a><\/p>\n<p>&nbsp;<\/p>\n","protected":false},"excerpt":{"rendered":"<p>O Conselho Municipal de Educa\u00e7\u00e3o recebeu nesse ano para an\u00e1lise, 6 projetos para concorrer ao Diploma Paulo Freire. 1) Instituto Educacional de Educa\u00e7\u00e3o Visconde de Cairu (dois projetos) Tema: Audeobooks Tema:\u00a0 Acessibilidade arquitet\u00f4nica e de informa\u00e7\u00e3o para os estudantes com defici\u00eancia f\u00edsica do Curso T\u00e9cnico em Publicidade no mercado de trabalho 2) Escola de Educa\u00e7\u00e3o [&hellip;]<\/p>\n","protected":false},"author":6,"featured_media":0,"comment_status":"open","ping_status":"open","sticky":false,"template":"","format":"standard","meta":{"footnotes":""},"categories":[4],"tags":[],"_links":{"self":[{"href":"https:\/\/cme.santarosa.rs.gov.br\/index.php?rest_route=\/wp\/v2\/posts\/868"}],"collection":[{"href":"https:\/\/cme.santarosa.rs.gov.br\/index.php?rest_route=\/wp\/v2\/posts"}],"about":[{"href":"https:\/\/cme.santarosa.rs.gov.br\/index.php?rest_route=\/wp\/v2\/types\/post"}],"author":[{"embeddable":true,"href":"https:\/\/cme.santarosa.rs.gov.br\/index.php?rest_route=\/wp\/v2\/users\/6"}],"replies":[{"embeddable":true,"href":"https:\/\/cme.santarosa.rs.gov.br\/index.php?rest_route=%2Fwp%2Fv2%2Fcomments&post=868"}],"version-history":[{"count":9,"href":"https:\/\/cme.santarosa.rs.gov.br\/index.php?rest_route=\/wp\/v2\/posts\/868\/revisions"}],"predecessor-version":[{"id":872,"href":"https:\/\/cme.santarosa.rs.gov.br\/index.php?rest_route=\/wp\/v2\/posts\/868\/revisions\/872"}],"wp:attachment":[{"href":"https:\/\/cme.santarosa.rs.gov.br\/index.php?rest_route=%2Fwp%2Fv2%2Fmedia&parent=868"}],"wp:term":[{"taxonomy":"category","embeddable":true,"href":"https:\/\/cme.santarosa.rs.gov.br\/index.php?rest_route=%2Fwp%2Fv2%2Fcategories&post=868"},{"taxonomy":"post_tag","embeddable":true,"href":"https:\/\/cme.santarosa.rs.gov.br\/index.php?rest_route=%2Fwp%2Fv2%2Ftags&post=868"}],"curies":[{"name":"wp","href":"https:\/\/api.w.org\/{rel}","templated":true}]}}