{"id":79,"date":"2012-06-11T18:57:22","date_gmt":"2012-06-11T18:57:22","guid":{"rendered":"http:\/\/cme.santarosa.rs.gov.br\/?p=79"},"modified":"2012-06-11T19:19:01","modified_gmt":"2012-06-11T19:19:01","slug":"posse-da-diretoria-do-cme","status":"publish","type":"post","link":"https:\/\/cme.santarosa.rs.gov.br\/?p=79","title":{"rendered":"POSSE DA DIRETORIA DO CME"},"content":{"rendered":"<p><a href=\"http:\/\/cme.santarosa.rs.gov.br\/wp-content\/uploads\/2012\/06\/Posse-6.jpg\"><img loading=\"lazy\" decoding=\"async\" class=\"size-medium wp-image-87 alignleft\" title=\"Discurso do prefeito desejando um bom trabalho \u00e0 nova diretoria\" src=\"http:\/\/cme.santarosa.rs.gov.br\/wp-content\/uploads\/2012\/06\/Posse-6-300x225.jpg\" alt=\"\" width=\"300\" height=\"225\" srcset=\"https:\/\/cme.santarosa.rs.gov.br\/wp-content\/uploads\/2012\/06\/Posse-6-300x225.jpg 300w, https:\/\/cme.santarosa.rs.gov.br\/wp-content\/uploads\/2012\/06\/Posse-6-1024x768.jpg 1024w\" sizes=\"(max-width: 300px) 100vw, 300px\" \/><\/a>No dia 11 de outubro de 2011, realizou-se a Plen\u00e1ria do Conselho Municipal de Educa\u00e7\u00e3o, onde tomou posse a nova diretoria, eleita para o mandato de 2 anos. Estiverem presentes na solenidade, o prefeito municipal Orlando Desconsi, que presidiu a cerim\u00f4nia de posse e a secret\u00e1ria Municipal de Educa\u00e7\u00e3o, professora Neli Cadaval da Costa.<\/p>\n<p>A nova diretoria ficou assim constitu\u00edda:<\/p>\n<p>Presidente: Na\u00edma Marmitt Wadi<\/p>\n<p>Vice-presidente: Jo\u00e3o Mello<\/p>\n<p>Secret\u00e1ria: \u00c2ngela Hofmeister Mateus<\/p>\n<p><a href=\"http:\/\/cme.santarosa.rs.gov.br\/wp-content\/uploads\/2012\/06\/Posse-3.jpg\"><img loading=\"lazy\" decoding=\"async\" title=\"Plen\u00e1ria de Posse da nova diretoria\" src=\"http:\/\/cme.santarosa.rs.gov.br\/wp-content\/uploads\/2012\/06\/Posse-3-300x225.jpg\" alt=\"\" width=\"300\" height=\"225\" \/><\/a> <a href=\"http:\/\/cme.santarosa.rs.gov.br\/wp-content\/uploads\/2012\/06\/Posse-1.jpg\"><img loading=\"lazy\" decoding=\"async\" title=\"Posse da nova Diretoria do CME\" src=\"http:\/\/cme.santarosa.rs.gov.br\/wp-content\/uploads\/2012\/06\/Posse-1-300x225.jpg\" alt=\"\" width=\"300\" height=\"225\" \/><\/a><a href=\"http:\/\/cme.santarosa.rs.gov.br\/wp-content\/uploads\/2012\/06\/Posse-2.jpg\"> <img loading=\"lazy\" decoding=\"async\" title=\"Despedida do Presidente anterior: Vladimir Ribas\" src=\"http:\/\/cme.santarosa.rs.gov.br\/wp-content\/uploads\/2012\/06\/Posse-2-300x225.jpg\" alt=\"\" width=\"300\" height=\"225\" \/><\/a><\/p>\n","protected":false},"excerpt":{"rendered":"<p>No dia 11 de outubro de 2011, realizou-se a Plen\u00e1ria do Conselho Municipal de Educa\u00e7\u00e3o, onde tomou posse a nova diretoria, eleita para o mandato de 2 anos. Estiverem presentes na solenidade, o prefeito municipal Orlando Desconsi, que presidiu a cerim\u00f4nia de posse e a secret\u00e1ria Municipal de Educa\u00e7\u00e3o, professora Neli Cadaval da Costa. A [&hellip;]<\/p>\n","protected":false},"author":6,"featured_media":0,"comment_status":"open","ping_status":"open","sticky":false,"template":"","format":"standard","meta":{"footnotes":""},"categories":[4],"tags":[],"_links":{"self":[{"href":"https:\/\/cme.santarosa.rs.gov.br\/index.php?rest_route=\/wp\/v2\/posts\/79"}],"collection":[{"href":"https:\/\/cme.santarosa.rs.gov.br\/index.php?rest_route=\/wp\/v2\/posts"}],"about":[{"href":"https:\/\/cme.santarosa.rs.gov.br\/index.php?rest_route=\/wp\/v2\/types\/post"}],"author":[{"embeddable":true,"href":"https:\/\/cme.santarosa.rs.gov.br\/index.php?rest_route=\/wp\/v2\/users\/6"}],"replies":[{"embeddable":true,"href":"https:\/\/cme.santarosa.rs.gov.br\/index.php?rest_route=%2Fwp%2Fv2%2Fcomments&post=79"}],"version-history":[{"count":12,"href":"https:\/\/cme.santarosa.rs.gov.br\/index.php?rest_route=\/wp\/v2\/posts\/79\/revisions"}],"predecessor-version":[{"id":84,"href":"https:\/\/cme.santarosa.rs.gov.br\/index.php?rest_route=\/wp\/v2\/posts\/79\/revisions\/84"}],"wp:attachment":[{"href":"https:\/\/cme.santarosa.rs.gov.br\/index.php?rest_route=%2Fwp%2Fv2%2Fmedia&parent=79"}],"wp:term":[{"taxonomy":"category","embeddable":true,"href":"https:\/\/cme.santarosa.rs.gov.br\/index.php?rest_route=%2Fwp%2Fv2%2Fcategories&post=79"},{"taxonomy":"post_tag","embeddable":true,"href":"https:\/\/cme.santarosa.rs.gov.br\/index.php?rest_route=%2Fwp%2Fv2%2Ftags&post=79"}],"curies":[{"name":"wp","href":"https:\/\/api.w.org\/{rel}","templated":true}]}}