{"id":710,"date":"2012-07-07T14:13:35","date_gmt":"2012-07-07T14:13:35","guid":{"rendered":"http:\/\/cme.santarosa.rs.gov.br\/?p=710"},"modified":"2012-07-09T18:08:28","modified_gmt":"2012-07-09T18:08:28","slug":"conselho-realiza-reuniao-com-smej-para-discutir-alteracao-da-lei","status":"publish","type":"post","link":"https:\/\/cme.santarosa.rs.gov.br\/?p=710","title":{"rendered":"Conselho realiza reuni\u00e3o com SMEJ para discutir altera\u00e7\u00e3o da Lei"},"content":{"rendered":"<p>O Conselho Municipal\u00a0 de Educa\u00e7\u00e3o juntamente com a SMEJ,\u00a0 realizou deversas reuni\u00f5es para discutir uma proposta de altera\u00e7\u00e3o da Lei que reestrutura o funcionamento do CME, bem como a Lei que disp\u00f5e sobre a cria\u00e7\u00e3o do Sistema Municipal de Ensino. O objetivo da altera\u00e7\u00e3o da lei do Conselho \u00e9 aumentar a representatividade de algumas entidades junto ao Conselho, bem como suprimir outras que n\u00e3o est\u00e3o tendo uma participa\u00e7\u00e3o efetiva.<\/p>\n<p>Dentre uma das altera\u00e7\u00f5es propostas, consta a ced\u00eancia do presidente para atuar junto ao CME, 8 horas di\u00e1rias, quando o mesmo for servidor p\u00fablico municipal.<\/p>\n<p>Outra altera\u00e7\u00e3o que est\u00e1 no Projeto de Lei \u00e9 a participa\u00e7\u00e3o de representantes do Instituto Federal Farroupilha, representante dos diretores das Escolas Municipais do Ensino Fundamnetal, representante dos diretores das Escolas Municipais de Educa\u00e7\u00e3o Infantil e ds Escolas Infantis\u00a0 da rede privada que at\u00e9 ent\u00e3o n\u00e3o tinham representatividade junto ao CME.<\/p>\n<p>Quanto a Lei do Sitema Municipal de Ensino, sugeriu-se a supress\u00e3o do N\u00facleo de Apoio e Assessoramento do Sistema, \u00f3rg\u00e3o que nunca funcionou, mas que consta na Lei. O CME defende que seja constitu\u00eddo uma Lei pr\u00f3pria, individual, para a cria\u00e7\u00e3o do Sistema de Ensino, pois atualmente essa Lei integra a estrutura administrativa da Prefeitura Municipal.<\/p>\n<p>No dia 03 de julho de 2012, aconteceu mais um reuni\u00e3o do Conselho com a Secret\u00e1ria Municipal de Educa\u00e7\u00e3o, quando a professora Rosane Almeida, se pronunciou aos conselheiros dizendo da dificuldade de encaminhar as Leis para aprova\u00e7\u00e3o da C\u00e2mara Municipal de Veradores, nesse momento, devido ao per\u00edodo eleitoral, pois ambas trazem altera\u00e7\u00f5es que podem\u00a0 inviabilizar a aprova\u00e7\u00e3o. Diante disso, ser\u00e1 encaminhado para aprova\u00e7\u00e3o ap\u00f3s a posse da nova gest\u00e3o.<\/p>\n<p><!--more--><a href=\"http:\/\/cme.santarosa.rs.gov.br\/wp-content\/uploads\/2012\/07\/foto-reuni\u00e3o-conselho-3.jpg\"><img loading=\"lazy\" decoding=\"async\" class=\"alignleft size-medium wp-image-713\" title=\"OLYMPUS DIGITAL CAMERA\" src=\"http:\/\/cme.santarosa.rs.gov.br\/wp-content\/uploads\/2012\/07\/foto-reuni\u00e3o-conselho-3-300x225.jpg\" alt=\"\" width=\"300\" height=\"225\" srcset=\"https:\/\/cme.santarosa.rs.gov.br\/wp-content\/uploads\/2012\/07\/foto-reuni\u00e3o-conselho-3-300x225.jpg 300w, https:\/\/cme.santarosa.rs.gov.br\/wp-content\/uploads\/2012\/07\/foto-reuni\u00e3o-conselho-3-1024x768.jpg 1024w\" sizes=\"(max-width: 300px) 100vw, 300px\" \/><\/a><a href=\"http:\/\/cme.santarosa.rs.gov.br\/wp-content\/uploads\/2012\/07\/foto-conselho-reuni\u00e3o-3.jpg\"><img loading=\"lazy\" decoding=\"async\" class=\"alignright size-medium wp-image-715\" title=\"OLYMPUS DIGITAL CAMERA\" src=\"http:\/\/cme.santarosa.rs.gov.br\/wp-content\/uploads\/2012\/07\/foto-conselho-reuni\u00e3o-3-300x225.jpg\" alt=\"\" width=\"300\" height=\"225\" srcset=\"https:\/\/cme.santarosa.rs.gov.br\/wp-content\/uploads\/2012\/07\/foto-conselho-reuni\u00e3o-3-300x225.jpg 300w, https:\/\/cme.santarosa.rs.gov.br\/wp-content\/uploads\/2012\/07\/foto-conselho-reuni\u00e3o-3-1024x768.jpg 1024w\" sizes=\"(max-width: 300px) 100vw, 300px\" \/><\/a><\/p>\n","protected":false},"excerpt":{"rendered":"<p>O Conselho Municipal\u00a0 de Educa\u00e7\u00e3o juntamente com a SMEJ,\u00a0 realizou deversas reuni\u00f5es para discutir uma proposta de altera\u00e7\u00e3o da Lei que reestrutura o funcionamento do CME, bem como a Lei que disp\u00f5e sobre a cria\u00e7\u00e3o do Sistema Municipal de Ensino. O objetivo da altera\u00e7\u00e3o da lei do Conselho \u00e9 aumentar a representatividade de algumas entidades [&hellip;]<\/p>\n","protected":false},"author":6,"featured_media":0,"comment_status":"open","ping_status":"open","sticky":false,"template":"","format":"standard","meta":{"footnotes":""},"categories":[4],"tags":[],"_links":{"self":[{"href":"https:\/\/cme.santarosa.rs.gov.br\/index.php?rest_route=\/wp\/v2\/posts\/710"}],"collection":[{"href":"https:\/\/cme.santarosa.rs.gov.br\/index.php?rest_route=\/wp\/v2\/posts"}],"about":[{"href":"https:\/\/cme.santarosa.rs.gov.br\/index.php?rest_route=\/wp\/v2\/types\/post"}],"author":[{"embeddable":true,"href":"https:\/\/cme.santarosa.rs.gov.br\/index.php?rest_route=\/wp\/v2\/users\/6"}],"replies":[{"embeddable":true,"href":"https:\/\/cme.santarosa.rs.gov.br\/index.php?rest_route=%2Fwp%2Fv2%2Fcomments&post=710"}],"version-history":[{"count":5,"href":"https:\/\/cme.santarosa.rs.gov.br\/index.php?rest_route=\/wp\/v2\/posts\/710\/revisions"}],"predecessor-version":[{"id":718,"href":"https:\/\/cme.santarosa.rs.gov.br\/index.php?rest_route=\/wp\/v2\/posts\/710\/revisions\/718"}],"wp:attachment":[{"href":"https:\/\/cme.santarosa.rs.gov.br\/index.php?rest_route=%2Fwp%2Fv2%2Fmedia&parent=710"}],"wp:term":[{"taxonomy":"category","embeddable":true,"href":"https:\/\/cme.santarosa.rs.gov.br\/index.php?rest_route=%2Fwp%2Fv2%2Fcategories&post=710"},{"taxonomy":"post_tag","embeddable":true,"href":"https:\/\/cme.santarosa.rs.gov.br\/index.php?rest_route=%2Fwp%2Fv2%2Ftags&post=710"}],"curies":[{"name":"wp","href":"https:\/\/api.w.org\/{rel}","templated":true}]}}