{"id":2875,"date":"2023-06-15T11:38:08","date_gmt":"2023-06-15T11:38:08","guid":{"rendered":"https:\/\/cme.santarosa.rs.gov.br\/?p=2875"},"modified":"2024-02-13T17:37:52","modified_gmt":"2024-02-13T17:37:52","slug":"parecer-cme-no-028-2023-quadro-rh-e-turmas-2023-curumim","status":"publish","type":"post","link":"https:\/\/cme.santarosa.rs.gov.br\/?p=2875","title":{"rendered":"Parecer CME n\u00ba 028 2023 &#8211; Quadro RH e turmas 2023 &#8211; Curumim"},"content":{"rendered":"\n<div data-wp-interactive=\"\" class=\"wp-block-file\"><object data-wp-bind--hidden=\"!selectors.core.file.hasPdfPreview\" hidden class=\"wp-block-file__embed\" data=\"https:\/\/cme.santarosa.rs.gov.br\/wp-content\/uploads\/2024\/02\/Parecer-CME-028-2023-EMEI-Curumim.pdf\" type=\"application\/pdf\" style=\"width:100%;height:600px\" aria-label=\"Incorporado de Parecer-CME-028-2023-EMEI-Curumim.\"><\/object><a id=\"wp-block-file--media-2fc1a365-6e75-40db-ac6a-cf8c39daf217\" href=\"https:\/\/cme.santarosa.rs.gov.br\/wp-content\/uploads\/2024\/02\/Parecer-CME-028-2023-EMEI-Curumim.pdf\">Parecer-CME-028-2023-EMEI-Curumim<\/a><a href=\"https:\/\/cme.santarosa.rs.gov.br\/wp-content\/uploads\/2024\/02\/Parecer-CME-028-2023-EMEI-Curumim.pdf\" class=\"wp-block-file__button wp-element-button\" download aria-describedby=\"wp-block-file--media-2fc1a365-6e75-40db-ac6a-cf8c39daf217\">Baixar<\/a><\/div>\n\n\n\n<p><\/p>\n\n\n\n<p><strong>Parecer CME n\u00ba 028 2023 &#8211; Curumim<\/strong><\/p>\n\n\n\n<p><strong>RELAT\u00d3RIO<\/strong><\/p>\n\n\n\n<p>A Comiss\u00e3o de Educa\u00e7\u00e3o Infantil, do Conselho Municipal de Educa\u00e7\u00e3o \u2013 CME, analisou a Rela\u00e7\u00e3o dos Recursos Humanos com demonstrativo de organiza\u00e7\u00e3o da Turmas, da Escola de Educa\u00e7\u00e3o Infantil Curumim, localizada na Rua Alfredo Heimerdinger, n\u00ba 21, Centro, na cidade de Santa Rosa, e encaminha para aprecia\u00e7\u00e3o deste Conselho que a mesma est\u00e1 de acordo com a Resolu\u00e7\u00e3o 01\/2015.<\/p>\n\n\n\n<p><strong>AN\u00c1LISE DA MAT\u00c9RIA<\/strong><\/p>\n\n\n\n<p>\u2013 A an\u00e1lise das pe\u00e7as encaminhadas, com base na legisla\u00e7\u00e3o vigente, permite a Comiss\u00e3o de Educa\u00e7\u00e3o Infantil, atender a solicita\u00e7\u00e3o, considerando que:<\/p>\n\n\n\n<p>\u2013 a rela\u00e7\u00e3o dos Recursos Humanos com demonstrativo de organiza\u00e7\u00e3o de turmas e as c\u00f3pias dos comprovantes de habilita\u00e7\u00e3o dos profissionais em efetivo exerc\u00edcio na escola est\u00e3o de acordo com o anexo 2 da Resolu\u00e7\u00e3o CME n\u00ba 01\/2018;<\/p>\n\n\n\n<p>\u2013 A organiza\u00e7\u00e3o da turma de alunos da modalidade creche e pr\u00e9-escola est\u00e3o de acordo conforme prev\u00ea os crit\u00e9rios estabelecidos na legisla\u00e7\u00e3o da Resolu\u00e7\u00e3o CME n\u00ba 01\/2017.<\/p>\n\n\n\n<p><strong>CONCLUS\u00c3O<\/strong><\/p>\n\n\n\n<p>Face ao exposto, a Comiss\u00e3o de Educa\u00e7\u00e3o Infantil conclui por:<\/p>\n\n\n\n<p>a) Autorizar o Funcionamento da Escola Municipal de Educa\u00e7\u00e3o Infantil Curumim, localizada na Rua Alfredo Heimerdinger, n\u00ba 21, Centro, na cidade de Santa Rosa, para a oferta de Educa\u00e7\u00e3o Infantil na faixa et\u00e1ria de 0 (zero) a 5 (cinco) anos.<\/p>\n\n\n\n<p>Santa Rosa<strong>, <\/strong>02 de maio de 2023.<\/p>\n\n\n\n<p><strong>Comiss\u00e3o de Educa\u00e7\u00e3o Infantil<\/strong><\/p>\n\n\n\n<p>&#8211; \u00c2ngela Perdonsini &#8211; Presidente<\/p>\n\n\n\n<p>&#8211; Leila Cristiane Burger<\/p>\n\n\n\n<p>&#8211; Ana Paula Carloto<\/p>\n\n\n\n<p>&#8211; Na\u00edma Marmitt Waddi<\/p>\n\n\n\n<p>&#8211; Elisa Aparecida Marques Brutti<\/p>\n\n\n\n<p>&#8211; Rose Lunardi<\/p>\n\n\n\n<p>&#8211; Ana Regina da Rosa Soares Klein<\/p>\n\n\n\n<p>&#8211; Elenir Kuzniewski<\/p>\n\n\n\n<p>Aprovado em sess\u00e3o plen\u00e1ria do Conselho Municipal de Educa\u00e7\u00e3o &#8211; CME em 13 de junho de 2023<\/p>\n\n\n\n<p>____________________________________.<\/p>\n\n\n\n<p>Themis Helena Patias<\/p>\n\n\n\n<p>Presidente do Conselho Municipal de Educa\u00e7\u00e3o<\/p>\n","protected":false},"excerpt":{"rendered":"<p>Parecer CME n\u00ba 028 2023 &#8211; Curumim RELAT\u00d3RIO A Comiss\u00e3o de Educa\u00e7\u00e3o Infantil, do Conselho Municipal de Educa\u00e7\u00e3o \u2013 CME, analisou a Rela\u00e7\u00e3o dos Recursos Humanos com demonstrativo de organiza\u00e7\u00e3o da Turmas, da Escola de Educa\u00e7\u00e3o Infantil Curumim, localizada na Rua Alfredo Heimerdinger, n\u00ba 21, Centro, na cidade de Santa Rosa, e encaminha para aprecia\u00e7\u00e3o [&hellip;]<\/p>\n","protected":false},"author":8,"featured_media":0,"comment_status":"open","ping_status":"open","sticky":false,"template":"","format":"standard","meta":{"footnotes":""},"categories":[29,48],"tags":[],"_links":{"self":[{"href":"https:\/\/cme.santarosa.rs.gov.br\/index.php?rest_route=\/wp\/v2\/posts\/2875"}],"collection":[{"href":"https:\/\/cme.santarosa.rs.gov.br\/index.php?rest_route=\/wp\/v2\/posts"}],"about":[{"href":"https:\/\/cme.santarosa.rs.gov.br\/index.php?rest_route=\/wp\/v2\/types\/post"}],"author":[{"embeddable":true,"href":"https:\/\/cme.santarosa.rs.gov.br\/index.php?rest_route=\/wp\/v2\/users\/8"}],"replies":[{"embeddable":true,"href":"https:\/\/cme.santarosa.rs.gov.br\/index.php?rest_route=%2Fwp%2Fv2%2Fcomments&post=2875"}],"version-history":[{"count":2,"href":"https:\/\/cme.santarosa.rs.gov.br\/index.php?rest_route=\/wp\/v2\/posts\/2875\/revisions"}],"predecessor-version":[{"id":2979,"href":"https:\/\/cme.santarosa.rs.gov.br\/index.php?rest_route=\/wp\/v2\/posts\/2875\/revisions\/2979"}],"wp:attachment":[{"href":"https:\/\/cme.santarosa.rs.gov.br\/index.php?rest_route=%2Fwp%2Fv2%2Fmedia&parent=2875"}],"wp:term":[{"taxonomy":"category","embeddable":true,"href":"https:\/\/cme.santarosa.rs.gov.br\/index.php?rest_route=%2Fwp%2Fv2%2Fcategories&post=2875"},{"taxonomy":"post_tag","embeddable":true,"href":"https:\/\/cme.santarosa.rs.gov.br\/index.php?rest_route=%2Fwp%2Fv2%2Ftags&post=2875"}],"curies":[{"name":"wp","href":"https:\/\/api.w.org\/{rel}","templated":true}]}}