{"id":2870,"date":"2023-06-15T11:31:07","date_gmt":"2023-06-15T11:31:07","guid":{"rendered":"https:\/\/cme.santarosa.rs.gov.br\/?p=2870"},"modified":"2024-02-13T17:33:06","modified_gmt":"2024-02-13T17:33:06","slug":"parecer-cme-no-026-2023-renova-a-autorizacao-de-funcionamento-da-escola-de-educacao-infantil-yupi","status":"publish","type":"post","link":"https:\/\/cme.santarosa.rs.gov.br\/?p=2870","title":{"rendered":"Parecer CME n\u00ba 026\/2023 &#8211; Renova a autoriza\u00e7\u00e3o de funcionamento da Escola de Educa\u00e7\u00e3o Infantil YUPI"},"content":{"rendered":"\n<div data-wp-interactive=\"\" class=\"wp-block-file\"><object data-wp-bind--hidden=\"!selectors.core.file.hasPdfPreview\" hidden class=\"wp-block-file__embed\" data=\"https:\/\/cme.santarosa.rs.gov.br\/wp-content\/uploads\/2024\/02\/Parecer-CME-026-2023-EMEI-Yupi.pdf\" type=\"application\/pdf\" style=\"width:100%;height:600px\" aria-label=\"Incorporado de Parecer-CME-026-2023-EMEI-Yupi.\"><\/object><a id=\"wp-block-file--media-a735a625-2ed3-4b84-a9da-e1982691f834\" href=\"https:\/\/cme.santarosa.rs.gov.br\/wp-content\/uploads\/2024\/02\/Parecer-CME-026-2023-EMEI-Yupi.pdf\">Parecer-CME-026-2023-EMEI-Yupi<\/a><a href=\"https:\/\/cme.santarosa.rs.gov.br\/wp-content\/uploads\/2024\/02\/Parecer-CME-026-2023-EMEI-Yupi.pdf\" class=\"wp-block-file__button wp-element-button\" download aria-describedby=\"wp-block-file--media-a735a625-2ed3-4b84-a9da-e1982691f834\">Baixar<\/a><\/div>\n\n\n\n<p><\/p>\n\n\n\n<p><strong>Parecer CME n\u00ba 026\/2023<\/strong><\/p>\n\n\n\n<p><strong>Processo SDE n\u00ba 8271 de 10\/02\/2023<\/strong><\/p>\n\n\n\n<p><em>Renova a autoriza\u00e7\u00e3o de funcionamento da Escola de Educa\u00e7\u00e3o Infantil <\/em><em><strong>Yupi.<\/strong><\/em><\/p>\n\n\n\n<p><strong>RELAT\u00d3RIO<\/strong><\/p>\n\n\n\n<p>A Secretaria Municipal de Educa\u00e7\u00e3o e Cultura, encaminha \u00e0 aprecia\u00e7\u00e3o deste Conselho, processo n\u00ba 8271, de 10 de fevereiro de 2023, contendo o pedido de Renova\u00e7\u00e3o e Autoriza\u00e7\u00e3o de Funcionamento da Escola de Educa\u00e7\u00e3o Infantil Yupi, localizada na Avenida Santa Cruz, n\u00ba 1409, Centro, em Santa Rosa.<\/p>\n\n\n\n<p>2 \u2013 O processo est\u00e1 instru\u00eddo de acordo com a Resolu\u00e7\u00e3o CME n\u00ba 01 de 08 de dezembro de 2015 e cont\u00e9m as seguintes pe\u00e7as documentais:<\/p>\n\n\n\n<p>2.1 \u2013 Of\u00edcio datado de 27 de janeiro de 2023, do pedido de renova\u00e7\u00e3o e autoriza\u00e7\u00e3o de funcionamento;<\/p>\n\n\n\n<p>2.2 \u2013 C\u00f3pia do cronograma de estudo;<\/p>\n\n\n\n<p>2.3 \u2013 C\u00f3pia do Selo de Escola Autorizada no per\u00edodo 2019 \u2013 2023;<\/p>\n\n\n\n<p>2.4 \u2013 Rela\u00e7\u00e3o dos Recursos Humanos com demonstrativo de organiza\u00e7\u00e3o das turmas;<\/p>\n\n\n\n<p>2.5 \u2013 Rela\u00e7\u00e3o do mobili\u00e1rio da Escola Yupi;<\/p>\n\n\n\n<p>2.6 \u2013 C\u00f3pias comprovantes da forma\u00e7\u00e3o e habilita\u00e7\u00e3o do quadro de funcion\u00e1rios;<\/p>\n\n\n\n<p>2.7 \u2013 C\u00f3pia da planta arquitet\u00f4nica e corte do pr\u00e9dio;<\/p>\n\n\n\n<p>2.8 \u2013 C\u00f3pia Alvar\u00e1 de preven\u00e7\u00e3o e prote\u00e7\u00e3o contra inc\u00eandio;<\/p>\n\n\n\n<p><strong>AN\u00c1LISE DA MAT\u00c9RIA<\/strong><\/p>\n\n\n\n<p>3 \u2013 A an\u00e1lise das pe\u00e7as do processo, com base na legisla\u00e7\u00e3o vigente, permite a Comiss\u00e3o de Educa\u00e7\u00e3o Infantil, atender a solicita\u00e7\u00e3o, considerando que:<\/p>\n\n\n\n<p>3.1 \u2013 a infraestrutura, instala\u00e7\u00f5es e equipamentos, os recursos did\u00e1ticos e pedag\u00f3gicos e, a disposi\u00e7\u00e3o dos espa\u00e7os (internos e externos) atendem as normas vigentes, possibilitando o desenvolvimento do Projeto Politico Pedag\u00f3gico.<\/p>\n\n\n\n<p>3.2 \u2013 o Regimento Escolar aprovado e autenticado por este conselho est\u00e1 organizado em conformidade com a Resolu\u00e7\u00e3o CME n\u00ba 02 de 14 de junho de 2011;<\/p>\n\n\n\n<p>3.3 \u2013 o Projeto Pol\u00edtico Pedag\u00f3gico est\u00e1 elaborado de acordo com a Resolu\u00e7\u00e3o CME n\u00ba 02 de 03 de agosto de 2010;<\/p>\n\n\n\n<p>3.4 \u2013 a rela\u00e7\u00e3o dos Recursos Humanos com demonstrativo de organiza\u00e7\u00e3o de turmas e as c\u00f3pias dos comprovantes de habilita\u00e7\u00e3o dos profissionais em efetivo exerc\u00edcio na escola est\u00e3o de acordo com o anexo II da Resolu\u00e7\u00e3o CME n\u00ba 01\/2018;<\/p>\n\n\n\n<p>3.5 \u2013 A organiza\u00e7\u00e3o da turma de alunos da modalidade creche e pr\u00e9-escola est\u00e3o de acordo conforme prev\u00ea os crit\u00e9rios estabelecidos na legisla\u00e7\u00e3o da Resolu\u00e7\u00e3o CME n\u00ba 01\/2017.<\/p>\n\n\n\n<p><strong>CONCLUS\u00c3O<\/strong><\/p>\n\n\n\n<p>Face ao exposto, a Comiss\u00e3o de Educa\u00e7\u00e3o Infantil conclui por:<\/p>\n\n\n\n<p>a) Renova\u00e7\u00e3o e Autoriza\u00e7\u00e3o de Funcionamento da Escola de Educa\u00e7\u00e3o Infantil Yupi, localizada na Avenida Santa Cruz, n\u00ba 1409, Centro, em Santa Rosa, para a oferta de Educa\u00e7\u00e3o Infantil na faixa et\u00e1ria de 0 (zero) a 5 (cinco) anos, pelo per\u00edodo de at\u00e9 quatro anos, a partir da homologa\u00e7\u00e3o deste Parecer.<\/p>\n\n\n\n<p>Em, 02 de maio de 2023.<\/p>\n\n\n\n<p><strong>Comiss\u00e3o de Educa\u00e7\u00e3o Infantil<\/strong><\/p>\n\n\n\n<p>&#8211; \u00c2ngela Perdonsini &#8211; Presidente<\/p>\n\n\n\n<p>&#8211; Leila Cristiane Burger<\/p>\n\n\n\n<p>&#8211; Ana Paula Carloto<\/p>\n\n\n\n<p>&#8211; Na\u00edma Marmitt Waddi<\/p>\n\n\n\n<p>&#8211; Elisa Aparecida Marques Brutti<\/p>\n\n\n\n<p>&#8211; Rose Lunardi<\/p>\n\n\n\n<p>&#8211; Ana Regina da Rosa Soares Klein<\/p>\n\n\n\n<p>&#8211; Elenir Kuzniewski<\/p>\n\n\n\n<p><strong>Aprovado em sess\u00e3o plen\u00e1ria do Conselho Municipal de Educa\u00e7\u00e3o &#8211; CME em 13 de junho de 2023<\/strong><\/p>\n\n\n\n<p>____________________________________.<\/p>\n\n\n\n<p>Themis Helena Patias<\/p>\n\n\n\n<p>Presidente do Conselho Municipal de Educa\u00e7\u00e3o<\/p>\n","protected":false},"excerpt":{"rendered":"<p>Parecer CME n\u00ba 026\/2023 Processo SDE n\u00ba 8271 de 10\/02\/2023 Renova a autoriza\u00e7\u00e3o de funcionamento da Escola de Educa\u00e7\u00e3o Infantil Yupi. RELAT\u00d3RIO A Secretaria Municipal de Educa\u00e7\u00e3o e Cultura, encaminha \u00e0 aprecia\u00e7\u00e3o deste Conselho, processo n\u00ba 8271, de 10 de fevereiro de 2023, contendo o pedido de Renova\u00e7\u00e3o e Autoriza\u00e7\u00e3o de Funcionamento da Escola de [&hellip;]<\/p>\n","protected":false},"author":8,"featured_media":0,"comment_status":"open","ping_status":"open","sticky":false,"template":"","format":"standard","meta":{"footnotes":""},"categories":[29,48],"tags":[],"_links":{"self":[{"href":"https:\/\/cme.santarosa.rs.gov.br\/index.php?rest_route=\/wp\/v2\/posts\/2870"}],"collection":[{"href":"https:\/\/cme.santarosa.rs.gov.br\/index.php?rest_route=\/wp\/v2\/posts"}],"about":[{"href":"https:\/\/cme.santarosa.rs.gov.br\/index.php?rest_route=\/wp\/v2\/types\/post"}],"author":[{"embeddable":true,"href":"https:\/\/cme.santarosa.rs.gov.br\/index.php?rest_route=\/wp\/v2\/users\/8"}],"replies":[{"embeddable":true,"href":"https:\/\/cme.santarosa.rs.gov.br\/index.php?rest_route=%2Fwp%2Fv2%2Fcomments&post=2870"}],"version-history":[{"count":3,"href":"https:\/\/cme.santarosa.rs.gov.br\/index.php?rest_route=\/wp\/v2\/posts\/2870\/revisions"}],"predecessor-version":[{"id":2975,"href":"https:\/\/cme.santarosa.rs.gov.br\/index.php?rest_route=\/wp\/v2\/posts\/2870\/revisions\/2975"}],"wp:attachment":[{"href":"https:\/\/cme.santarosa.rs.gov.br\/index.php?rest_route=%2Fwp%2Fv2%2Fmedia&parent=2870"}],"wp:term":[{"taxonomy":"category","embeddable":true,"href":"https:\/\/cme.santarosa.rs.gov.br\/index.php?rest_route=%2Fwp%2Fv2%2Fcategories&post=2870"},{"taxonomy":"post_tag","embeddable":true,"href":"https:\/\/cme.santarosa.rs.gov.br\/index.php?rest_route=%2Fwp%2Fv2%2Ftags&post=2870"}],"curies":[{"name":"wp","href":"https:\/\/api.w.org\/{rel}","templated":true}]}}