{"id":2844,"date":"2023-05-26T12:14:38","date_gmt":"2023-05-26T12:14:38","guid":{"rendered":"https:\/\/cme.santarosa.rs.gov.br\/?p=2844"},"modified":"2024-02-13T17:12:44","modified_gmt":"2024-02-13T17:12:44","slug":"parecer-cme-no-020-2023-renova-a-autorizacao-de-funcionamento-da-emei-expedicionario-weber","status":"publish","type":"post","link":"https:\/\/cme.santarosa.rs.gov.br\/?p=2844","title":{"rendered":"Parecer CME n\u00ba 020\/2023 &#8211; Renova a autoriza\u00e7\u00e3o de funcionamento da EMEI Expedicion\u00e1rio Weber."},"content":{"rendered":"\n<p>Link em pdf \u25bc<\/p>\n\n\n\n<div data-wp-interactive=\"\" class=\"wp-block-file\"><object data-wp-bind--hidden=\"!selectors.core.file.hasPdfPreview\" hidden class=\"wp-block-file__embed\" data=\"https:\/\/cme.santarosa.rs.gov.br\/wp-content\/uploads\/2024\/02\/Parecer-CME-020-2023-EMEI-Expedicionario-Weber.pdf\" type=\"application\/pdf\" style=\"width:100%;height:600px\" aria-label=\"Incorporado de Parecer-CME-020-2023-EMEI-Expedicionario-Weber.\"><\/object><a id=\"wp-block-file--media-4d7d3952-5ab8-41ae-8101-4d0b97833df8\" href=\"https:\/\/cme.santarosa.rs.gov.br\/wp-content\/uploads\/2024\/02\/Parecer-CME-020-2023-EMEI-Expedicionario-Weber.pdf\">Parecer-CME-020-2023-EMEI-Expedicionario-Weber<\/a><a href=\"https:\/\/cme.santarosa.rs.gov.br\/wp-content\/uploads\/2024\/02\/Parecer-CME-020-2023-EMEI-Expedicionario-Weber.pdf\" class=\"wp-block-file__button wp-element-button\" download aria-describedby=\"wp-block-file--media-4d7d3952-5ab8-41ae-8101-4d0b97833df8\">Baixar<\/a><\/div>\n\n\n\n<p><strong>Comiss\u00e3o de Educa\u00e7\u00e3o Infantil<\/strong><\/p>\n\n\n\n<p><strong>Parecer CME n\u00ba 020\/2023<\/strong><\/p>\n\n\n\n<p><strong>Processo SDE n\u00ba 24773 de 19\/04\/2023<\/strong><\/p>\n\n\n\n<p><em>Renova a autoriza\u00e7\u00e3o de funcionamento da Escola Municipal de Educa\u00e7\u00e3o Infantil Expedicion\u00e1rio Weber<\/em><em><strong>.<\/strong><\/em><\/p>\n\n\n\n<p><strong>RELAT\u00d3RIO<\/strong><\/p>\n\n\n\n<p>A Secretaria Municipal de Educa\u00e7\u00e3o e Juventude, encaminha \u00e0 aprecia\u00e7\u00e3o deste Conselho, processo n\u00ba 24773, de 19 de abril de 2023, que trata do pedido de Renova\u00e7\u00e3o de Autoriza\u00e7\u00e3o de Funcionamento da Escola Municipal de Educa\u00e7\u00e3o Infantil Expedicion\u00e1rio Weber, localizada na Rua S\u00e3o Leopoldo, n\u00ba 464, Vila Santos \u2013 Bairro Central, em Santa Rosa.<\/p>\n\n\n\n<p>A escola foi criada atrav\u00e9s do Decreto Municipal n\u00ba 140, de 10 de setembro de 2019, denominando para EMEI Expedicion\u00e1rio Weber.<\/p>\n\n\n\n<p>A Autoriza\u00e7\u00e3o de funcionamento e oferta de Educa\u00e7\u00e3o Infantil foi renovada por este conselho atrav\u00e9s do Parecer CME n\u00ba 31 de 10 de dezembro de 2019.<\/p>\n\n\n\n<p>2 \u2013 O processo est\u00e1 instru\u00eddo de acordo com a Resolu\u00e7\u00e3o CME n\u00ba 01 de 08 de dezembro de 2015 e cont\u00e9m as seguintes pe\u00e7as documentais:<\/p>\n\n\n\n<p>2.2 \u2013 Of\u00edcio n\u00ba 35\/2020, datado de 18 de abril de 2023, subscrito pela Secret\u00e1ria de Educa\u00e7\u00e3o e Cultura, contendo o pedido;<\/p>\n\n\n\n<p>2.3 \u2013 C\u00f3pia do \u00faltimo documento de Autoriza\u00e7\u00e3o de Funcionamento: Parecer CME n\u00ba 31\/2019;<\/p>\n\n\n\n<p>2. 4 \u2013 C\u00f3pia do Regimento Escolar em vig\u00eancia;<\/p>\n\n\n\n<p>2. 5 \u2013 C\u00f3pia do Projeto Pol\u00edtico Pedag\u00f3gico;<\/p>\n\n\n\n<p>2. 6 \u2013 Plano de Forma\u00e7\u00e3o Continuada para os Trabalhadores em Educa\u00e7\u00e3o de 2023;<\/p>\n\n\n\n<p>2. 7 \u2013 Rela\u00e7\u00e3o dos Recursos Humanos e demonstrativo de organiza\u00e7\u00e3o das turmas, atualizada de 2023.<\/p>\n\n\n\n<p><strong>AN\u00c1LISE DA MAT\u00c9RIA<\/strong><\/p>\n\n\n\n<p>3 \u2013 A an\u00e1lise das pe\u00e7as do processo, com base na legisla\u00e7\u00e3o vigente, permite a Comiss\u00e3o de Educa\u00e7\u00e3o Infantil, atender a solicita\u00e7\u00e3o, considerando que:<\/p>\n\n\n\n<p>3.1 \u2013 a infraestrutura, instala\u00e7\u00f5es e equipamentos, os recursos did\u00e1ticos e pedag\u00f3gicos e, a disposi\u00e7\u00e3o dos espa\u00e7os (internos e externos) atendem as normas vigentes, possibilitando o desenvolvimento do Projeto Politico Pedag\u00f3gico.<\/p>\n\n\n\n<p>3.2 \u2013 o Regimento Escolar aprovado e autenticado por este conselho est\u00e1 organizado em conformidade com a Resolu\u00e7\u00e3o CME n\u00ba 02 de 14 de junho de 2011;<\/p>\n\n\n\n<p>3.3 \u2013 o Projeto Pol\u00edtico Pedag\u00f3gico est\u00e1 elaborado de acordo com a Resolu\u00e7\u00e3o CME n\u00ba 02 de 03 de agosto de 2010;<\/p>\n\n\n\n<p>3.4 \u2013 a rela\u00e7\u00e3o dos Recursos Humanos com demonstrativo de organiza\u00e7\u00e3o de turmas em efetivo exerc\u00edcio na escola est\u00e3o de acordo com o anexo 2 da Resolu\u00e7\u00e3o CME n\u00ba 01\/2018;<\/p>\n\n\n\n<p>3.5 \u2013 A organiza\u00e7\u00e3o da turma de alunos da modalidade creche e pr\u00e9-escola est\u00e3o de acordo conforme prev\u00ea os crit\u00e9rios estabelecidos na legisla\u00e7\u00e3o da Resolu\u00e7\u00e3o CME n\u00ba 01\/2017.<\/p>\n\n\n\n<p><strong>CONCLUS\u00c3O<\/strong><\/p>\n\n\n\n<p>Face ao exposto, a Comiss\u00e3o de Educa\u00e7\u00e3o Infantil conclui por:<\/p>\n\n\n\n<p>a) Renova\u00e7\u00e3o e Autoriza\u00e7\u00e3o de Funcionamento da Escola Municipal de Educa\u00e7\u00e3o Infantil Expedicion\u00e1rio Weber, localizada na Rua S\u00e3o Leopoldo, n\u00ba 464, na Vila Santos &#8211; Bairro Central em Santa Rosa, para a oferta de Educa\u00e7\u00e3o Infantil na faixa et\u00e1ria de 0 (zero) a 5 (cinco) anos, pelo per\u00edodo de at\u00e9 quatro anos, a partir da homologa\u00e7\u00e3o deste Parecer.<\/p>\n\n\n\n<p>Em, 02 de maio de 2023.<\/p>\n\n\n\n<p><strong>Comiss\u00e3o de Educa\u00e7\u00e3o Infantil<\/strong><\/p>\n\n\n\n<p>&#8211; \u00c2ngela Perdonsini<\/p>\n\n\n\n<p>&#8211; Leila Cristiane Burger<\/p>\n\n\n\n<p>&#8211; Ana Paula Carloto<\/p>\n\n\n\n<p>&#8211; Na\u00edma Marmitt Waddi<\/p>\n\n\n\n<p>&#8211; Elisa Aparecida Marques Brutti<\/p>\n\n\n\n<p>&#8211; Rose Lunardi<\/p>\n\n\n\n<p>&#8211; Ana Regina da Rosa Soares Klein<\/p>\n\n\n\n<p>&#8211; Elenir Kuzniewski<\/p>\n\n\n\n<p>Aprovado em sess\u00e3o plen\u00e1ria do Conselho Municipal de Educa\u00e7\u00e3o &#8211; CME em 09 de maio de 2023<\/p>\n\n\n\n<p>____________________________________.<\/p>\n\n\n\n<p>Adriana Escobar da Silva<\/p>\n\n\n\n<p>Presidente do Conselho Municipal de Educa\u00e7\u00e3o<\/p>\n","protected":false},"excerpt":{"rendered":"<p>Link em pdf \u25bc Comiss\u00e3o de Educa\u00e7\u00e3o Infantil Parecer CME n\u00ba 020\/2023 Processo SDE n\u00ba 24773 de 19\/04\/2023 Renova a autoriza\u00e7\u00e3o de funcionamento da Escola Municipal de Educa\u00e7\u00e3o Infantil Expedicion\u00e1rio Weber. RELAT\u00d3RIO A Secretaria Municipal de Educa\u00e7\u00e3o e Juventude, encaminha \u00e0 aprecia\u00e7\u00e3o deste Conselho, processo n\u00ba 24773, de 19 de abril de 2023, que trata [&hellip;]<\/p>\n","protected":false},"author":8,"featured_media":0,"comment_status":"open","ping_status":"open","sticky":false,"template":"","format":"standard","meta":{"footnotes":""},"categories":[29,48],"tags":[],"_links":{"self":[{"href":"https:\/\/cme.santarosa.rs.gov.br\/index.php?rest_route=\/wp\/v2\/posts\/2844"}],"collection":[{"href":"https:\/\/cme.santarosa.rs.gov.br\/index.php?rest_route=\/wp\/v2\/posts"}],"about":[{"href":"https:\/\/cme.santarosa.rs.gov.br\/index.php?rest_route=\/wp\/v2\/types\/post"}],"author":[{"embeddable":true,"href":"https:\/\/cme.santarosa.rs.gov.br\/index.php?rest_route=\/wp\/v2\/users\/8"}],"replies":[{"embeddable":true,"href":"https:\/\/cme.santarosa.rs.gov.br\/index.php?rest_route=%2Fwp%2Fv2%2Fcomments&post=2844"}],"version-history":[{"count":2,"href":"https:\/\/cme.santarosa.rs.gov.br\/index.php?rest_route=\/wp\/v2\/posts\/2844\/revisions"}],"predecessor-version":[{"id":2961,"href":"https:\/\/cme.santarosa.rs.gov.br\/index.php?rest_route=\/wp\/v2\/posts\/2844\/revisions\/2961"}],"wp:attachment":[{"href":"https:\/\/cme.santarosa.rs.gov.br\/index.php?rest_route=%2Fwp%2Fv2%2Fmedia&parent=2844"}],"wp:term":[{"taxonomy":"category","embeddable":true,"href":"https:\/\/cme.santarosa.rs.gov.br\/index.php?rest_route=%2Fwp%2Fv2%2Fcategories&post=2844"},{"taxonomy":"post_tag","embeddable":true,"href":"https:\/\/cme.santarosa.rs.gov.br\/index.php?rest_route=%2Fwp%2Fv2%2Ftags&post=2844"}],"curies":[{"name":"wp","href":"https:\/\/api.w.org\/{rel}","templated":true}]}}