{"id":2696,"date":"2022-11-21T11:36:12","date_gmt":"2022-11-21T11:36:12","guid":{"rendered":"https:\/\/cme.santarosa.rs.gov.br\/?p=2696"},"modified":"2022-11-21T11:37:23","modified_gmt":"2022-11-21T11:37:23","slug":"parecer-cme-no-008-2022-renova-autorizacao-de-funcionamento-da-escola-de-educacao-infantil-curumin","status":"publish","type":"post","link":"https:\/\/cme.santarosa.rs.gov.br\/?p=2696","title":{"rendered":"Parecer CME n\u00ba 008\/2022 &#8211; Renova Autoriza\u00e7\u00e3o de Funcionamento da Escola de Educa\u00e7\u00e3o Infantil CURUMIN"},"content":{"rendered":"\n<p>Link em pdf  \u25bc<\/p>\n\n\n\n<div class=\"wp-block-file\"><a href=\"https:\/\/cme.santarosa.rs.gov.br\/wp-content\/uploads\/2022\/11\/Parecer-CME-008-2022-AUTORIZA\u00c7\u00c3O-CURUMIM.pdf\">Parecer-CME-008-2022-AUTORIZA\u00c7\u00c3O-CURUMIM<\/a><a href=\"https:\/\/cme.santarosa.rs.gov.br\/wp-content\/uploads\/2022\/11\/Parecer-CME-008-2022-AUTORIZA\u00c7\u00c3O-CURUMIM.pdf\" class=\"wp-block-file__button\" download>Baixar<\/a><\/div>\n\n\n\n<p><strong>Parecer CME n\u00ba 008\/2022<\/strong><\/p>\n\n\n\n<p><strong>Processo n\u00ba 7350\/2020<\/strong><\/p>\n\n\n\n<p><em><strong>Renova Autoriza\u00e7\u00e3o de Funcionamento da Escola de Educa\u00e7\u00e3o Infantil Curumim, em Santa Rosa, RS.<\/strong><\/em><\/p>\n\n\n\n<p><em><strong>Aprova Autoriza\u00e7\u00e3o para funcionamento.<\/strong><\/em><\/p>\n\n\n\n<p><strong>RELAT\u00d3RIO<\/strong><\/p>\n\n\n\n<p>A Secretaria Municipal de Educa\u00e7\u00e3o e Cultura, encaminha \u00e0 aprecia\u00e7\u00e3o deste Colegiado do Conselho, Processo <strong>SDE n\u00ba 7350\/2020 <\/strong>contendo pedido de Renova\u00e7\u00e3o e Autoriza\u00e7\u00e3o de Funcionamento da Escola de Educa\u00e7\u00e3o Infantil Curumim. A Escola est\u00e1 localizada na Rua Alfredo Heimerdinger, n\u00ba 21 \u2013 Centro, em Santa Rosa, RS.<\/p>\n\n\n\n<p>1 \u2013 O processo est\u00e1 instru\u00eddo de acordo com a Resolu\u00e7\u00e3o CME n\u00ba 01, de 08 de dezembro de 2015 e cont\u00e9m as seguintes pe\u00e7as documentais:<\/p>\n\n\n\n<p>2 \u2013 Comunica\u00e7\u00e3o Interna SMDE n\u00ba 750, de 02 de junho de 2020, contendo o pedido;<\/p>\n\n\n\n<p>3 \u2013 C\u00f3pia Of\u00edcio da Escola de Educa\u00e7\u00e3o Infantil, S\/N\u00ba de 30 de junho de 2020, solicitando an\u00e1lise e aprova\u00e7\u00e3o pelo CME.<\/p>\n\n\n\n<p>I &#8211; C\u00f3pia Portaria n\u00ba 02, de 05 de fevereiro de 2002, credenciando a Escola de Educa\u00e7\u00e3o Infantil Currumim;<\/p>\n\n\n\n<p>II \u2013 C\u00f3pia da Portaria n\u00ba o2 de 1\u00ba de abril de 2005, autorizando o funcionamento da Educa\u00e7\u00e3o Infantil na Escola de Educa\u00e7\u00e3o infantil Curumim;<\/p>\n\n\n\n<p>III \u2013 C\u00f3pia da Autoriza\u00e7\u00e3o 2012\/2016;<\/p>\n\n\n\n<p>IV \u2013 C\u00f3pia do Parecer CME n\u00ba 11\/2018, Aprovando altera\u00e7\u00e3o do texto do Regimento Escolar da Escola de Educa\u00e7\u00e3o infantil Curumim;<\/p>\n\n\n\n<p>V \u2013 C\u00f3pia do Regimento Escolar;<\/p>\n\n\n\n<p>VI \u2013 C\u00f3pia do Projeto Politico Pedag\u00f3gico;<\/p>\n\n\n\n<p>VI \u2013 C\u00f3pia Plano de Forma\u00e7\u00e3o Continuada;<\/p>\n\n\n\n<p>VII \u2013 C\u00f3pia do quadro Recursos Humanos;<\/p>\n\n\n\n<p>IX \u2013 C\u00f3pia Of\u00edcio s\/n\u00ba de 20 de novembro de 2020, encaminhando Plano de a\u00e7\u00e3o e Plano de Preven\u00e7\u00e3o e conting\u00eancia frente ao enfrentamento da pandemia do Covid-19 para o ano de 2020;<\/p>\n\n\n\n<p>X \u2013 C\u00f3pia Of\u00edcio s\/n\u00ba de 22 de setembro de 2021, com c\u00f3pia do quadro de Recursos Humanos e Comprovantes de Habilita\u00e7\u00e3o dos Recursos Humanos;<\/p>\n\n\n\n<p>XI \u2013 C\u00f3pia Of\u00edcio s\/n\u00ba de 06 de junho de 2022, com c\u00f3pia do quadro de Recursos Humanos e Comprovantes de Habilita\u00e7\u00e3o dos Recursos Humanos;<\/p>\n\n\n\n<p>XII \u2013 C\u00f3pia Of\u00edcio s\/n\u00ba de 05 de agosto de 2022, com c\u00f3pia do quadro de Recursos Humanos e C\u00f3pia Comprovantes de Habilita\u00e7\u00e3o dos Recursos Humanos;<\/p>\n\n\n\n<p><strong>AN\u00c1LISE DA MAT\u00c9RIA<\/strong><\/p>\n\n\n\n<p>3 \u2013 A an\u00e1lise das pe\u00e7as do processo, com base na legisla\u00e7\u00e3o vigente, permite a Comiss\u00e3o de Educa\u00e7\u00e3o Infantil, atender ao pedido considerando que a infraestrutura, instala\u00e7\u00f5es e equipamentos, os recursos did\u00e1ticos e pedag\u00f3gicos e, a disposi\u00e7\u00e3o dos espa\u00e7os (internos e externos) atendem as normas vigentes, possibilitando o desenvolvimento do Projeto Pol\u00edtico Pedag\u00f3gico.<\/p>\n\n\n\n<p>4 \u2013 A organiza\u00e7\u00e3o das turmas de alunos est\u00e3o de acordo com a Resolu\u00e7\u00e3o CME n\u00ba 01\/2017;<\/p>\n\n\n\n<p>6 \u2013 Os recursos humanos s\u00e3o habilitados para atender o pedido, de acordo com a legisla\u00e7\u00e3o vigente.<\/p>\n\n\n\n<p><strong>CONCLUS\u00c3O<\/strong><\/p>\n\n\n\n<p>Face ao exposto, a Comiss\u00e3o de Educa\u00e7\u00e3o Infantil conclui por:<\/p>\n\n\n\n<p><strong>a)<\/strong> \u2013 A renova\u00e7\u00e3o e Autoriza\u00e7\u00e3o de Funcionamento da Escola de Educa\u00e7\u00e3o Infantil Curumim, localizada na Rua Alfredo Heimerdinger, n\u00ba 21 \u2013 Centro, em Santa Rosa, RS. para a oferta de Educa\u00e7\u00e3o Infantil <strong>pelo per\u00edodo de at\u00e9 quatro anos<\/strong>, a partir da homologa\u00e7\u00e3o deste Parecer;<\/p>\n\n\n\n<p>Em 18 de Outubro de 2022.<\/p>\n\n\n\n<p><strong>Comiss\u00e3o de Educa\u00e7\u00e3o Infantil<\/strong><\/p>\n\n\n\n<p>\u00c2ngela Andr\u00e9ia Perdonsini \u2013 Presidente<\/p>\n\n\n\n<p>Leila Cristiane Burger \u2013 Relatora<\/p>\n\n\n\n<p>Marlise Engel Leite \u2013 Secret\u00e1ria<\/p>\n\n\n\n<p>Odete Denise Farias<\/p>\n\n\n\n<p>Leonardo Chitolina<\/p>\n\n\n\n<p>Ana Paula Carloto<\/p>\n\n\n\n<p>Naima Marmitt Wadi<\/p>\n\n\n\n<p>Aprovado por unanimidade pelo plen\u00e1rio na data de 08 de novembro de 2022.<\/p>\n\n\n\n<p><\/p>\n\n\n\n<p>Adriana Escobar da Silva<\/p>\n\n\n\n<p>Presidente do Conselho Municipal de Educa\u00e7\u00e3o<\/p>\n","protected":false},"excerpt":{"rendered":"<p>Link em pdf \u25bc Parecer CME n\u00ba 008\/2022 Processo n\u00ba 7350\/2020 Renova Autoriza\u00e7\u00e3o de Funcionamento da Escola de Educa\u00e7\u00e3o Infantil Curumim, em Santa Rosa, RS. Aprova Autoriza\u00e7\u00e3o para funcionamento. RELAT\u00d3RIO A Secretaria Municipal de Educa\u00e7\u00e3o e Cultura, encaminha \u00e0 aprecia\u00e7\u00e3o deste Colegiado do Conselho, Processo SDE n\u00ba 7350\/2020 contendo pedido de Renova\u00e7\u00e3o e Autoriza\u00e7\u00e3o de [&hellip;]<\/p>\n","protected":false},"author":8,"featured_media":0,"comment_status":"open","ping_status":"open","sticky":false,"template":"","format":"standard","meta":{"footnotes":""},"categories":[29,43,1],"tags":[],"_links":{"self":[{"href":"https:\/\/cme.santarosa.rs.gov.br\/index.php?rest_route=\/wp\/v2\/posts\/2696"}],"collection":[{"href":"https:\/\/cme.santarosa.rs.gov.br\/index.php?rest_route=\/wp\/v2\/posts"}],"about":[{"href":"https:\/\/cme.santarosa.rs.gov.br\/index.php?rest_route=\/wp\/v2\/types\/post"}],"author":[{"embeddable":true,"href":"https:\/\/cme.santarosa.rs.gov.br\/index.php?rest_route=\/wp\/v2\/users\/8"}],"replies":[{"embeddable":true,"href":"https:\/\/cme.santarosa.rs.gov.br\/index.php?rest_route=%2Fwp%2Fv2%2Fcomments&post=2696"}],"version-history":[{"count":1,"href":"https:\/\/cme.santarosa.rs.gov.br\/index.php?rest_route=\/wp\/v2\/posts\/2696\/revisions"}],"predecessor-version":[{"id":2698,"href":"https:\/\/cme.santarosa.rs.gov.br\/index.php?rest_route=\/wp\/v2\/posts\/2696\/revisions\/2698"}],"wp:attachment":[{"href":"https:\/\/cme.santarosa.rs.gov.br\/index.php?rest_route=%2Fwp%2Fv2%2Fmedia&parent=2696"}],"wp:term":[{"taxonomy":"category","embeddable":true,"href":"https:\/\/cme.santarosa.rs.gov.br\/index.php?rest_route=%2Fwp%2Fv2%2Fcategories&post=2696"},{"taxonomy":"post_tag","embeddable":true,"href":"https:\/\/cme.santarosa.rs.gov.br\/index.php?rest_route=%2Fwp%2Fv2%2Ftags&post=2696"}],"curies":[{"name":"wp","href":"https:\/\/api.w.org\/{rel}","templated":true}]}}