{"id":2163,"date":"2018-11-19T12:56:25","date_gmt":"2018-11-19T12:56:25","guid":{"rendered":"http:\/\/cme.santarosa.rs.gov.br\/?p=2163"},"modified":"2018-11-19T12:56:25","modified_gmt":"2018-11-19T12:56:25","slug":"parecer-cme-no-09-2017-autoriza-a-mudanca-de-sede-da-escola-de-educacao-infantil-yupi-santa-rosa","status":"publish","type":"post","link":"https:\/\/cme.santarosa.rs.gov.br\/?p=2163","title":{"rendered":"Parecer CME n\u00ba 09 \/2017 &#8211; Autoriza a mudan\u00e7a de sede da Escola de Educa\u00e7\u00e3o Infantil YUPI, Santa Rosa."},"content":{"rendered":"<p class=\"western\" align=\"left\"><span style=\"font-size: medium;\"><b>Parecer CME n\u00ba 09 \/2017<\/b><\/span><\/p>\n<p class=\"western\" align=\"left\"><span style=\"font-size: medium;\"><b>Processo SDE n\u00ba 6.254\/2017<\/b><\/span><\/p>\n<p align=\"left\"><span style=\"font-size: medium;\"><i><b>Autoriza a mudan\u00e7a de sede da Escola de Educa\u00e7\u00e3o Infantil YUPI, Santa Rosa.<\/b><\/i><\/span><\/p>\n<p><span style=\"font-size: medium;\"><b>RELAT\u00d3RIO<\/b><\/span><\/p>\n<p><span style=\"font-size: medium;\">A Secretaria de Desenvolvimento Educacional encaminha \u00e0 aprecia\u00e7\u00e3o deste Conselho processo n\u00ba 6.254, de 02 de junho de 2017, contendo pedido de mudan\u00e7a de endere\u00e7o do estabelecimento de ensino da Escola de Educa\u00e7\u00e3o Infantil Yupi, que estava localizada na Avenida Inhacor\u00e1, n\u00ba 418, Centro, em Santa Rosa para o novo endere\u00e7o na Avenida Santa Cruz, n\u00ba 1.023 \u2013 Centro, Santa Rosa. <\/span><\/p>\n<p><span style=\"font-size: medium;\">2 \u2013 O processo est\u00e1 instru\u00eddo de acordo com o Par\u00e1grafo \u00danico do artigo 11 da Resolu\u00e7\u00e3o n\u00ba 01\/2015 do Conselho Municipal de Educa\u00e7\u00e3o contendo as seguintes pe\u00e7as:<\/span><\/p>\n<p><span style=\"font-size: medium;\">2. 1. Of\u00edcio da SDE, solicitando an\u00e1lise do processo;<\/span><\/p>\n<p><span style=\"font-size: medium;\">2. 2. Of\u00edcio da Mantenedora, informando o novo endere\u00e7o e a justificativa da mudan\u00e7a de endere\u00e7o;<\/span><\/p>\n<p><span style=\"font-size: medium;\">2. 3. Quadro demonstrativo do n\u00famero de matr\u00edculas e organiza\u00e7\u00e3o de grupos.<\/span><\/p>\n<p><span style=\"font-size: medium;\">2. 4. Planta da Situa\u00e7\u00e3o, localiza\u00e7\u00e3o e planta baixa de todas as depend\u00eancias com suas dimens\u00f5es assinada por profissional t\u00e9cnico habilitado;<\/span><\/p>\n<p><span style=\"font-size: medium;\">2.5. Rela\u00e7\u00e3o dos Recursos Humanos, com respectivas fun\u00e7\u00f5es e comprova\u00e7\u00e3o da habilita\u00e7\u00e3o;<\/span><\/p>\n<p><span style=\"font-size: medium;\"><b>AN\u00c1LISE DA MAT\u00c9RIA<\/b><\/span><\/p>\n<p><span style=\"font-size: medium;\">A Escola de Educa\u00e7\u00e3o Infantil Yupi \u00e9 credenciada e autorizada pelo Parecer CME n\u00ba 2 de 18 de junho de 2013.<\/span><\/p>\n<p><span style=\"font-size: medium;\">Est\u00e1 registrada comercialmente como Escola de Educa\u00e7\u00e3o Infantil Yupi LTDA \u2013 ME.<\/span><\/p>\n<p><span style=\"font-size: medium;\">Informa e justifica que a mudan\u00e7a de endere\u00e7o ocorreu de forma inesperada por exig\u00eancia do propriet\u00e1rio do im\u00f3vel que cancelou o contrato de loca\u00e7\u00e3o.<\/span><\/p>\n<p><span style=\"font-size: medium;\">A Comiss\u00e3o de Educa\u00e7\u00e3o Infantil, no uso de suas atribui\u00e7\u00f5es analisou o processo com base na legisla\u00e7\u00e3o vigente, e realizou visita ao novo endere\u00e7o da Escola observando a infraestrutura, a disposi\u00e7\u00e3o dos espa\u00e7os em rela\u00e7\u00e3o ao n\u00famero de alunos matriculados, os equipamentos e materiais did\u00e1ticos.<\/span><\/p>\n<p><span style=\"font-size: medium;\">O Corpo Docente \u00e9 habilitado de acordo com a legisla\u00e7\u00e3o vigente.<\/span><\/p>\n<p><span style=\"font-size: medium;\"><b>CONCLUS\u00c3O<\/b><\/span><\/p>\n<p><span style=\"font-size: medium;\">Face ao exposto, a Comiss\u00e3o de Educa\u00e7\u00e3o Infantil conclui por:<\/span><\/p>\n<p class=\"western\"><span style=\"font-size: medium;\"> a) Manifestar-se sobre a mudan\u00e7a de endere\u00e7o da Escola, ocorrida em per\u00edodo anterior ao conhecimento e manifesta\u00e7\u00e3o do Conselho;<\/span><\/p>\n<p class=\"western\"><span style=\"font-size: medium;\"> b) Autorizar a mudan\u00e7a de sede da institui\u00e7\u00e3o, Escola de Educa\u00e7\u00e3o Infantil Yupi para o endere\u00e7o: Av. Santa Cruz, n\u00ba 1.023, Centro, Santa Rosa.<\/span><\/p>\n<p class=\"western\" align=\"right\"><span style=\"font-size: medium;\">Em 18 de julho de 2017.<\/span><\/p>\n<p class=\"western\" align=\"justify\"><span style=\"font-size: medium;\"><b>Comiss\u00e3o de Educa\u00e7\u00e3o Infantil<\/b><\/span><\/p>\n<p class=\"western\" align=\"justify\"><span style=\"font-size: medium;\"><b>Anelise de Oliveira Rodrigues \u2013 Presidente<\/b><\/span><\/p>\n<p class=\"western\" lang=\"it-IT\" align=\"justify\"><span style=\"font-size: medium;\"><b>Josyane Cristine Heck \u2013 Relatora<\/b><\/span><\/p>\n<p class=\"western\" align=\"justify\"><span style=\"font-size: medium;\"><b>Valqu\u00edria Rodrigues \u2013 Secret\u00e1ria<\/b><\/span><\/p>\n<p class=\"western\" align=\"justify\"><span style=\"font-size: medium;\"><b>Leni Maria Spanivello Cavalheiro da Rosa<\/b><\/span><\/p>\n<p class=\"western\" lang=\"it-IT\" align=\"justify\"><span style=\"font-size: medium;\"><b>Franciele Isabel Wille<\/b><\/span><\/p>\n<p class=\"western\" align=\"justify\"><span style=\"font-size: medium;\"><b>Nestor Tasch<\/b><\/span><\/p>\n<p class=\"western\" align=\"justify\"><span style=\"font-size: medium;\"><b>Luciane P. Carvalho de Mattos<\/b><\/span><\/p>\n<p class=\"western\" align=\"center\"><span style=\"font-size: medium;\">Aprovado por unanimidade em plen\u00e1ria do Conselho na data de 08 de agosto de 2017.<\/span><\/p>\n<p class=\"western\" align=\"center\"><span style=\"font-size: medium;\"><b>Antonio Roberto Lausmann Ternes<\/b><\/span><\/p>\n<p class=\"western\" align=\"center\"><span style=\"font-size: medium;\"><b>Presidente do Conselho Municipal de Educa\u00e7\u00e3o<\/b><\/span><\/p>\n","protected":false},"excerpt":{"rendered":"<p>Parecer CME n\u00ba 09 \/2017 Processo SDE n\u00ba 6.254\/2017 Autoriza a mudan\u00e7a de sede da Escola de Educa\u00e7\u00e3o Infantil YUPI, Santa Rosa. RELAT\u00d3RIO A Secretaria de Desenvolvimento Educacional encaminha \u00e0 aprecia\u00e7\u00e3o deste Conselho processo n\u00ba 6.254, de 02 de junho de 2017, contendo pedido de mudan\u00e7a de endere\u00e7o do estabelecimento de ensino da Escola de [&hellip;]<\/p>\n","protected":false},"author":8,"featured_media":0,"comment_status":"open","ping_status":"open","sticky":false,"template":"","format":"standard","meta":{"footnotes":""},"categories":[29,26],"tags":[],"_links":{"self":[{"href":"https:\/\/cme.santarosa.rs.gov.br\/index.php?rest_route=\/wp\/v2\/posts\/2163"}],"collection":[{"href":"https:\/\/cme.santarosa.rs.gov.br\/index.php?rest_route=\/wp\/v2\/posts"}],"about":[{"href":"https:\/\/cme.santarosa.rs.gov.br\/index.php?rest_route=\/wp\/v2\/types\/post"}],"author":[{"embeddable":true,"href":"https:\/\/cme.santarosa.rs.gov.br\/index.php?rest_route=\/wp\/v2\/users\/8"}],"replies":[{"embeddable":true,"href":"https:\/\/cme.santarosa.rs.gov.br\/index.php?rest_route=%2Fwp%2Fv2%2Fcomments&post=2163"}],"version-history":[{"count":1,"href":"https:\/\/cme.santarosa.rs.gov.br\/index.php?rest_route=\/wp\/v2\/posts\/2163\/revisions"}],"predecessor-version":[{"id":2164,"href":"https:\/\/cme.santarosa.rs.gov.br\/index.php?rest_route=\/wp\/v2\/posts\/2163\/revisions\/2164"}],"wp:attachment":[{"href":"https:\/\/cme.santarosa.rs.gov.br\/index.php?rest_route=%2Fwp%2Fv2%2Fmedia&parent=2163"}],"wp:term":[{"taxonomy":"category","embeddable":true,"href":"https:\/\/cme.santarosa.rs.gov.br\/index.php?rest_route=%2Fwp%2Fv2%2Fcategories&post=2163"},{"taxonomy":"post_tag","embeddable":true,"href":"https:\/\/cme.santarosa.rs.gov.br\/index.php?rest_route=%2Fwp%2Fv2%2Ftags&post=2163"}],"curies":[{"name":"wp","href":"https:\/\/api.w.org\/{rel}","templated":true}]}}