{"id":2114,"date":"2018-06-26T18:34:55","date_gmt":"2018-06-26T18:34:55","guid":{"rendered":"http:\/\/cme.santarosa.rs.gov.br\/?p=2114"},"modified":"2019-07-01T11:22:36","modified_gmt":"2019-07-01T11:22:36","slug":"parecer-cme-no-072018-filantropia-fema","status":"publish","type":"post","link":"https:\/\/cme.santarosa.rs.gov.br\/?p=2114","title":{"rendered":"Parecer CME n\u00ba 07\/2018 &#8211; Filantropia FEMA"},"content":{"rendered":"<hr \/>\n<p class=\"western\">Link em pdf \u25ba <a href=\"http:\/\/cme.santarosa.rs.gov.br\/wp-content\/uploads\/2018\/06\/Parecer-07-2018-Filantropia-FEMA.pdf\">Parecer 07-2018- Filantropia FEMA<\/a><\/p>\n<hr \/>\n<p class=\"western\"><b>Parecer CME n\u00ba 07\/2018<\/b><\/p>\n<p class=\"western\"><b>Interessado: Funda\u00e7\u00e3o Educacional Machado de Assis &#8211; FEMA<\/b><\/p>\n<p class=\"western\"><b>Assunto: Renova\u00e7\u00e3o de Credenciamento<\/b><\/p>\n<p align=\"justify\"><span style=\"font-size: medium;\"><i><b>Renova o Credenciamento como Entidade Beneficente da Educa\u00e7\u00e3o, a Mantenedora: Funda\u00e7\u00e3o Educacional Machado de Assis, FEMA, de Santa Rosa, em 2018, no Conselho Municipal de Educa\u00e7\u00e3o.<\/b><\/i><\/span><\/p>\n<p class=\"western\"><b> <\/b><b>RELAT\u00d3RIO <\/b><\/p>\n<p class=\"western\" align=\"justify\">Atrav\u00e9s de Requerimento, de 02 de maio de 2018, o Presidente da Entidade Mantenedora, Funda\u00e7\u00e3o Educacional Machado de Assis &#8211; FEMA solicita a Renova\u00e7\u00e3o do Credenciamento como Entidade Beneficente da Educa\u00e7\u00e3o.<\/p>\n<p align=\"justify\"><span style=\"font-size: medium;\"> A Mantenedora est\u00e1 localizada no endere\u00e7o: Rua Santos Dumont, n\u00ba 820, Bairro Centro, Santa Rosa.<\/span><\/p>\n<p align=\"justify\"><span style=\"font-size: medium;\"> Est\u00e1 cadastrada no Conselho Municipal de Educa\u00e7\u00e3o sob a matr\u00edcula n\u00ba 05.<\/span><\/p>\n<p align=\"justify\"><span style=\"font-size: medium;\"> 2. O Requerimento da Mantenedora e demais documentos est\u00e3o organizados de acordo com o artigo 1\u00ba da Resolu\u00e7\u00e3o CME n\u00ba 02 de 12 de junho de 2012, sendo:<\/span><\/p>\n<p align=\"justify\"><span style=\"font-size: medium;\">I\u2013 Requerimento solicitando credenciamento ou renova\u00e7\u00e3o como Entidade beneficente da \u00e1rea de Educa\u00e7\u00e3o;<\/span><\/p>\n<p align=\"justify\"><span style=\"font-size: medium;\"> II\u2013 C\u00f3pia do Estatuto Social da Entidade, sendo que para a renova\u00e7\u00e3o do credenciamento, a Mantenedora encaminhar\u00e1 c\u00f3pia do Estatuto Social, somente quando houver altera\u00e7\u00e3o;<\/span><\/p>\n<p class=\"western\" align=\"justify\">III \u2013 Nominata dos membros da atual diretoria da Entidade;<\/p>\n<p class=\"western\" align=\"justify\">IV\u2013 Relat\u00f3rio de atividades desempenhadas no exerc\u00edcio fiscal anterior ao requerimento, devidamente assinado pelo representante legal da institui\u00e7\u00e3o, destacando informa\u00e7\u00f5es sobre o p\u00fablico atendido e os recursos envolvidos;<\/p>\n<p class=\"western\" align=\"justify\">V &#8211; Parecer do Conselho Fiscal em rela\u00e7\u00e3o ao inciso IV;<\/p>\n<p class=\"western\" align=\"justify\"><span style=\"font-size: medium;\">VI &#8211; Balan\u00e7o Patrimonial do exerc\u00edcio anterior, publicado em jornal. [&#8230;]<\/span><\/p>\n<p class=\"western\" align=\"justify\"><span style=\"font-size: medium;\"> VII &#8211; Demonstrativo de aplica\u00e7\u00e3o da filantropia, ou gratuidade, no exerc\u00edcio fiscal imediatamente anterior, com identifica\u00e7\u00e3o dos benefici\u00e1rios das bolsas;<\/span><\/p>\n<p class=\"western\" align=\"justify\"><span style=\"font-size: medium;\"> VIII \u2013 Plano de atendimento para o exerc\u00edcio em curso, com indica\u00e7\u00e3o das bolsas de estudo, e das a\u00e7\u00f5es assistenciais e programas de apoio aos alunos bolsistas. <\/span><\/p>\n<p class=\"western\" align=\"justify\"><b> <\/b><b>AN\u00c1LISE DA MAT\u00c9RIA <\/b><\/p>\n<p class=\"western\" align=\"justify\">A an\u00e1lise dos documentos, realizada pela Comiss\u00e3o de legisla\u00e7\u00e3o e Normas e Educa\u00e7\u00e3o Especial, permite concluir pelo atendimento do pedido da mantenedora, Funda\u00e7\u00e3o Educacional Machado de Assis &#8211; FEMA, considerando que a documenta\u00e7\u00e3o, est\u00e1 de acordo com a legisla\u00e7\u00e3o vigente.<\/p>\n<p class=\"western\" align=\"justify\"><b> C<\/b><b>ONCLUS\u00c3O<\/b><\/p>\n<p class=\"western\" align=\"justify\">Face ao exposto, a Comiss\u00e3o de Legisla\u00e7\u00e3o e Normas e Educa\u00e7\u00e3o Especial prop\u00f5e:<\/p>\n<p class=\"western\" align=\"justify\">&#8211; A Renova\u00e7\u00e3o do Credenciamento, no ano de 2018, da Entidade Funda\u00e7\u00e3o Educacional Machado de Assis \u2013 FEMA, como Entidade Beneficente de Educa\u00e7\u00e3o.<\/p>\n<p class=\"western\" align=\"right\">Santa Rosa, 05 de junho de 2018.<\/p>\n<p class=\"western\" align=\"justify\"><b>COMISS\u00c3O DE LEGISLA\u00c7\u00c3O E NORMAS E EDUCA\u00c7\u00c3O ESPECIAL<\/b><\/p>\n<p class=\"western\" align=\"justify\">Marcelo Eder Lamb<span lang=\"it-IT\"><b>&#8211; Presidente<\/b><\/span><\/p>\n<p class=\"western\" align=\"justify\">Adelino Pedro Wisniewski- <b>Relator<\/b><\/p>\n<p class=\"western\" align=\"justify\">Maria Cristina Zanotto- <b>Secret\u00e1ria<\/b><\/p>\n<p class=\"western\" lang=\"it-IT\" align=\"justify\">Nelson Della Valli<\/p>\n<p class=\"western\" lang=\"it-IT\" align=\"justify\">Denise Jaqueline Lozekam<\/p>\n<p class=\"western\" align=\"justify\">Jos\u00e9 Marino Loch<\/p>\n<p class=\"western\" lang=\"it-IT\" align=\"justify\">Tatiane Rangel Magedanz<\/p>\n<p class=\"western\" align=\"center\"><span style=\"color: #808080;\">Aprovado por unanimidade, em Sess\u00e3o Plen\u00e1ria, na data de 12 de junho de 2018.<\/span><\/p>\n<p class=\"western\" align=\"center\"><b>Antonio Roberto Lausmann Ternes<\/b><\/p>\n<p class=\"western\" align=\"center\"><b>Presidente do Conselho Municipal de Educa\u00e7\u00e3o<\/b><\/p>\n","protected":false},"excerpt":{"rendered":"<p>Link em pdf \u25ba Parecer 07-2018- Filantropia FEMA Parecer CME n\u00ba 07\/2018 Interessado: Funda\u00e7\u00e3o Educacional Machado de Assis &#8211; FEMA Assunto: Renova\u00e7\u00e3o de Credenciamento Renova o Credenciamento como Entidade Beneficente da Educa\u00e7\u00e3o, a Mantenedora: Funda\u00e7\u00e3o Educacional Machado de Assis, FEMA, de Santa Rosa, em 2018, no Conselho Municipal de Educa\u00e7\u00e3o. RELAT\u00d3RIO Atrav\u00e9s de Requerimento, de [&hellip;]<\/p>\n","protected":false},"author":8,"featured_media":0,"comment_status":"open","ping_status":"open","sticky":false,"template":"","format":"standard","meta":{"footnotes":""},"categories":[28,35],"tags":[],"_links":{"self":[{"href":"https:\/\/cme.santarosa.rs.gov.br\/index.php?rest_route=\/wp\/v2\/posts\/2114"}],"collection":[{"href":"https:\/\/cme.santarosa.rs.gov.br\/index.php?rest_route=\/wp\/v2\/posts"}],"about":[{"href":"https:\/\/cme.santarosa.rs.gov.br\/index.php?rest_route=\/wp\/v2\/types\/post"}],"author":[{"embeddable":true,"href":"https:\/\/cme.santarosa.rs.gov.br\/index.php?rest_route=\/wp\/v2\/users\/8"}],"replies":[{"embeddable":true,"href":"https:\/\/cme.santarosa.rs.gov.br\/index.php?rest_route=%2Fwp%2Fv2%2Fcomments&post=2114"}],"version-history":[{"count":3,"href":"https:\/\/cme.santarosa.rs.gov.br\/index.php?rest_route=\/wp\/v2\/posts\/2114\/revisions"}],"predecessor-version":[{"id":2289,"href":"https:\/\/cme.santarosa.rs.gov.br\/index.php?rest_route=\/wp\/v2\/posts\/2114\/revisions\/2289"}],"wp:attachment":[{"href":"https:\/\/cme.santarosa.rs.gov.br\/index.php?rest_route=%2Fwp%2Fv2%2Fmedia&parent=2114"}],"wp:term":[{"taxonomy":"category","embeddable":true,"href":"https:\/\/cme.santarosa.rs.gov.br\/index.php?rest_route=%2Fwp%2Fv2%2Fcategories&post=2114"},{"taxonomy":"post_tag","embeddable":true,"href":"https:\/\/cme.santarosa.rs.gov.br\/index.php?rest_route=%2Fwp%2Fv2%2Ftags&post=2114"}],"curies":[{"name":"wp","href":"https:\/\/api.w.org\/{rel}","templated":true}]}}