{"id":1676,"date":"2017-05-31T10:51:53","date_gmt":"2017-05-31T10:51:53","guid":{"rendered":"http:\/\/cme.santarosa.rs.gov.br\/?p=1676"},"modified":"2017-05-31T10:55:02","modified_gmt":"2017-05-31T10:55:02","slug":"encontro-regional-ampliado-amgsr","status":"publish","type":"post","link":"https:\/\/cme.santarosa.rs.gov.br\/?p=1676","title":{"rendered":"ENCONTRO REGIONAL AMPLIADO &#8211; AMGSR"},"content":{"rendered":"<p><span style=\"color: #1d2129;\"><span style=\"font-family: Helvetica, serif;\"><span style=\"font-size: small;\">ENCONTRO REGIONAL-AMGSR-CIRANDAS PELA EDUCA\u00c7\u00c3O-PELO DIREITO HUMANO \u00c0 EDUCA\u00c7\u00c3O<\/span><\/span><\/span><\/p>\n<p><a href=\"http:\/\/cme.santarosa.rs.gov.br\/wp-content\/uploads\/2017\/05\/IMG-20170526-WA0037.jpg\"><img loading=\"lazy\" decoding=\"async\" class=\"alignnone size-medium wp-image-1677\" src=\"http:\/\/cme.santarosa.rs.gov.br\/wp-content\/uploads\/2017\/05\/IMG-20170526-WA0037-300x91.jpg\" alt=\"IMG-20170526-WA0037\" width=\"300\" height=\"91\" srcset=\"https:\/\/cme.santarosa.rs.gov.br\/wp-content\/uploads\/2017\/05\/IMG-20170526-WA0037-300x91.jpg 300w, https:\/\/cme.santarosa.rs.gov.br\/wp-content\/uploads\/2017\/05\/IMG-20170526-WA0037-1024x310.jpg 1024w, https:\/\/cme.santarosa.rs.gov.br\/wp-content\/uploads\/2017\/05\/IMG-20170526-WA0037.jpg 1280w\" sizes=\"(max-width: 300px) 100vw, 300px\" \/><\/a><\/p>\n<p><span style=\"color: #1d2129;\"><span style=\"font-family: Helvetica, serif;\"><span style=\"font-size: small;\">No dia 26\/05\/2017, sexta-feira, Conselheiros Municipais de Educa\u00e7\u00e3o, Secret\u00e1rios Municipais de Educa\u00e7\u00e3o, CRE, Assessores, Consultores e Supervisores Educacionais, Professores, Diretores de Escolas e outros, compareceram no Audit\u00f3rio do NEP (N\u00facleo de Ensino e pesquisa da FUMSSAR) num Encontro Ampliado da regi\u00e3o para debater quest\u00f5es relevantes a melhoria na educa\u00e7\u00e3o.<\/span><\/span><\/span><\/p>\n<p><a href=\"http:\/\/cme.santarosa.rs.gov.br\/wp-content\/uploads\/2017\/05\/IMG-20170526-WA0059.jpg\"><img loading=\"lazy\" decoding=\"async\" class=\"alignnone size-medium wp-image-1678\" src=\"http:\/\/cme.santarosa.rs.gov.br\/wp-content\/uploads\/2017\/05\/IMG-20170526-WA0059-300x225.jpg\" alt=\"IMG-20170526-WA0059\" width=\"300\" height=\"225\" srcset=\"https:\/\/cme.santarosa.rs.gov.br\/wp-content\/uploads\/2017\/05\/IMG-20170526-WA0059-300x225.jpg 300w, https:\/\/cme.santarosa.rs.gov.br\/wp-content\/uploads\/2017\/05\/IMG-20170526-WA0059-1024x768.jpg 1024w, https:\/\/cme.santarosa.rs.gov.br\/wp-content\/uploads\/2017\/05\/IMG-20170526-WA0059.jpg 1280w\" sizes=\"(max-width: 300px) 100vw, 300px\" \/><\/a> <a href=\"http:\/\/cme.santarosa.rs.gov.br\/wp-content\/uploads\/2017\/05\/IMG-20170526-WA0061.jpg\"><img loading=\"lazy\" decoding=\"async\" class=\"alignnone size-medium wp-image-1679\" src=\"http:\/\/cme.santarosa.rs.gov.br\/wp-content\/uploads\/2017\/05\/IMG-20170526-WA0061-300x225.jpg\" alt=\"IMG-20170526-WA0061\" width=\"300\" height=\"225\" srcset=\"https:\/\/cme.santarosa.rs.gov.br\/wp-content\/uploads\/2017\/05\/IMG-20170526-WA0061-300x225.jpg 300w, https:\/\/cme.santarosa.rs.gov.br\/wp-content\/uploads\/2017\/05\/IMG-20170526-WA0061-1024x768.jpg 1024w, https:\/\/cme.santarosa.rs.gov.br\/wp-content\/uploads\/2017\/05\/IMG-20170526-WA0061.jpg 1280w\" sizes=\"(max-width: 300px) 100vw, 300px\" \/><\/a><\/p>\n<p>&nbsp;<\/p>\n<p><span style=\"color: #1d2129;\"><span style=\"font-family: Helvetica, serif;\"><span style=\"font-size: small;\">Teve como Palestrante a Professora<\/span><\/span><\/span><span style=\"color: #1d2129;\"><span style=\"font-family: Helvetica, serif;\"><span style=\"font-size: small;\">\u00a0<\/span><\/span><\/span><a href=\"https:\/\/www.facebook.com\/fabi.bitello?fref=mentions\"><span style=\"color: #365899;\"><span style=\"font-family: Helvetica, serif;\"><span style=\"font-size: small;\">Fabiane Bitello<\/span><\/span><\/span><\/a><span style=\"color: #1d2129;\"><span style=\"font-family: Helvetica, serif;\"><span style=\"font-size: small;\">-Coordenadora da UNCME-RS (Uni\u00e3o Nacional dos Conselhos Municipais de Educa\u00e7\u00e3o), que a convite esteve trabalh<\/span><\/span><\/span><span style=\"color: #1d2129;\"><span style=\"font-family: Helvetica, serif;\"><span style=\"font-size: small;\">ando sobre a import\u00e2ncia dos Sistemas Municipais de Ensino, Educa\u00e7\u00e3o Infantil e Educa\u00e7\u00e3o Especial na perspectiva da Educa\u00e7\u00e3o Inclusiva. \u00a0Momento de muito debate e que tamb\u00e9m foi mais uma a\u00e7\u00e3o do RS nas Cirandas da Educa\u00e7\u00e3o, atividade promovida e estimulada pela UNCME NACIONAL e apoiada pelo UNICEF Brasil. A fala da Fabiane Bitello foi de extrema qualidade, um dia de muitas informa\u00e7\u00f5es a todos.<\/span><\/span><\/span><\/p>\n<p><span style=\"color: #1d2129;\"><span style=\"font-family: Helvetica, serif;\"><span style=\"font-size: small;\"><a href=\"http:\/\/cme.santarosa.rs.gov.br\/wp-content\/uploads\/2017\/05\/IMG-20170526-WA0050.jpg\"><img loading=\"lazy\" decoding=\"async\" class=\"alignnone size-medium wp-image-1680\" src=\"http:\/\/cme.santarosa.rs.gov.br\/wp-content\/uploads\/2017\/05\/IMG-20170526-WA0050-300x225.jpg\" alt=\"IMG-20170526-WA0050\" width=\"300\" height=\"225\" srcset=\"https:\/\/cme.santarosa.rs.gov.br\/wp-content\/uploads\/2017\/05\/IMG-20170526-WA0050-300x225.jpg 300w, https:\/\/cme.santarosa.rs.gov.br\/wp-content\/uploads\/2017\/05\/IMG-20170526-WA0050-1024x768.jpg 1024w, https:\/\/cme.santarosa.rs.gov.br\/wp-content\/uploads\/2017\/05\/IMG-20170526-WA0050.jpg 1280w\" sizes=\"(max-width: 300px) 100vw, 300px\" \/><\/a> <a href=\"http:\/\/cme.santarosa.rs.gov.br\/wp-content\/uploads\/2017\/05\/IMG-20170526-WA0054.jpg\"><img loading=\"lazy\" decoding=\"async\" class=\"alignnone size-medium wp-image-1681\" src=\"http:\/\/cme.santarosa.rs.gov.br\/wp-content\/uploads\/2017\/05\/IMG-20170526-WA0054-300x225.jpg\" alt=\"IMG-20170526-WA0054\" width=\"300\" height=\"225\" srcset=\"https:\/\/cme.santarosa.rs.gov.br\/wp-content\/uploads\/2017\/05\/IMG-20170526-WA0054-300x225.jpg 300w, https:\/\/cme.santarosa.rs.gov.br\/wp-content\/uploads\/2017\/05\/IMG-20170526-WA0054-1024x768.jpg 1024w, https:\/\/cme.santarosa.rs.gov.br\/wp-content\/uploads\/2017\/05\/IMG-20170526-WA0054.jpg 1280w\" sizes=\"(max-width: 300px) 100vw, 300px\" \/><\/a><\/span><\/span><\/span><span style=\"color: #1d2129;\"><span style=\"font-family: Helvetica, serif;\"><span style=\"font-size: small;\"><br \/>\n<\/span><\/span><\/span><span style=\"color: #1d2129;\"><span style=\"font-family: Helvetica, serif;\"><span style=\"font-size: small;\">Neste dia 30\/05 a Presidente do CME-Santa Rosa, Dilene Maciel Cezar, encerra o trabalho da UNCME-AMGSR que esteve Coordenando nos \u00faltimos anos. Aproveita para agradecer toda regi\u00e3o que compareceram neste \u00faltimo encontro quase na totalidade, 18 munic\u00edpios dos 20 que a comp\u00f5e. Agradeceu em especial aos Presidentes e Conselheiros dos CMEs, pela parceria e caminhada at\u00e9 aqui e deseja que continuem na luta buscando fortalecimento, reconhecimento, respeito e autonomia dos Conselhos perante a comunidade e \u00f3rg\u00e3os governamentais. <\/span><\/span><\/span><\/p>\n","protected":false},"excerpt":{"rendered":"<p>ENCONTRO REGIONAL-AMGSR-CIRANDAS PELA EDUCA\u00c7\u00c3O-PELO DIREITO HUMANO \u00c0 EDUCA\u00c7\u00c3O No dia 26\/05\/2017, sexta-feira, Conselheiros Municipais de Educa\u00e7\u00e3o, Secret\u00e1rios Municipais de Educa\u00e7\u00e3o, CRE, Assessores, Consultores e Supervisores Educacionais, Professores, Diretores de Escolas e outros, compareceram no Audit\u00f3rio do NEP (N\u00facleo de Ensino e pesquisa da FUMSSAR) num Encontro Ampliado da regi\u00e3o para debater quest\u00f5es relevantes a melhoria [&hellip;]<\/p>\n","protected":false},"author":8,"featured_media":0,"comment_status":"open","ping_status":"open","sticky":false,"template":"","format":"standard","meta":{"footnotes":""},"categories":[12,4],"tags":[],"_links":{"self":[{"href":"https:\/\/cme.santarosa.rs.gov.br\/index.php?rest_route=\/wp\/v2\/posts\/1676"}],"collection":[{"href":"https:\/\/cme.santarosa.rs.gov.br\/index.php?rest_route=\/wp\/v2\/posts"}],"about":[{"href":"https:\/\/cme.santarosa.rs.gov.br\/index.php?rest_route=\/wp\/v2\/types\/post"}],"author":[{"embeddable":true,"href":"https:\/\/cme.santarosa.rs.gov.br\/index.php?rest_route=\/wp\/v2\/users\/8"}],"replies":[{"embeddable":true,"href":"https:\/\/cme.santarosa.rs.gov.br\/index.php?rest_route=%2Fwp%2Fv2%2Fcomments&post=1676"}],"version-history":[{"count":1,"href":"https:\/\/cme.santarosa.rs.gov.br\/index.php?rest_route=\/wp\/v2\/posts\/1676\/revisions"}],"predecessor-version":[{"id":1682,"href":"https:\/\/cme.santarosa.rs.gov.br\/index.php?rest_route=\/wp\/v2\/posts\/1676\/revisions\/1682"}],"wp:attachment":[{"href":"https:\/\/cme.santarosa.rs.gov.br\/index.php?rest_route=%2Fwp%2Fv2%2Fmedia&parent=1676"}],"wp:term":[{"taxonomy":"category","embeddable":true,"href":"https:\/\/cme.santarosa.rs.gov.br\/index.php?rest_route=%2Fwp%2Fv2%2Fcategories&post=1676"},{"taxonomy":"post_tag","embeddable":true,"href":"https:\/\/cme.santarosa.rs.gov.br\/index.php?rest_route=%2Fwp%2Fv2%2Ftags&post=1676"}],"curies":[{"name":"wp","href":"https:\/\/api.w.org\/{rel}","templated":true}]}}