{"id":1533,"date":"2016-12-26T10:46:45","date_gmt":"2016-12-26T10:46:45","guid":{"rendered":"http:\/\/cme.santarosa.rs.gov.br\/?p=1533"},"modified":"2017-03-03T16:40:04","modified_gmt":"2017-03-03T16:40:04","slug":"parecer-cme-no-312016","status":"publish","type":"post","link":"https:\/\/cme.santarosa.rs.gov.br\/?p=1533","title":{"rendered":"Parecer CME n\u00ba 31\/2016"},"content":{"rendered":"<p>&nbsp;<\/p>\n<hr \/>\n<p>Documento em pdf \u2013 Link \u25ba <a href=\"http:\/\/cme.santarosa.rs.gov.br\/wp-content\/uploads\/2016\/12\/Parecer-31-2016.pdf\">Parecer 31-2016<\/a><\/p>\n<hr \/>\n<p>&nbsp;<\/p>\n<p><b>PARECER CME n\u00ba 31\/2016<\/b><\/p>\n<p><b>Processo SMEJ 10.031\/2016<\/b><\/p>\n<p><b>Of\u00edcio Circ. SMEJ n\u00ba 047\/2016<\/b><\/p>\n<p align=\"left\"><span style=\"font-size: large;\"><span style=\"font-size: medium;\"><i><b>Aprova altera\u00e7\u00f5es ao Regimento Escolar da Escola Municipal de Ensino Fundamental Duque de Caxias<\/b><\/i><\/span><span style=\"font-size: medium;\"><i><b>, com vig\u00eancia a partir do ano letivo de 2017.<\/b><\/i><\/span><\/span><\/p>\n<p align=\"justify\"><span style=\"font-size: large;\"><b> <\/b><span style=\"font-size: medium;\">RELAT\u00d3RIO<\/span><\/span><\/p>\n<p class=\"western\" align=\"justify\"><span style=\"font-size: medium;\"> A Secretaria Municipal de Educa\u00e7\u00e3o e Juventude, encaminha \u00e0 aprecia\u00e7\u00e3o deste Conselho, processo n\u00ba 10.031 de 20 de outubro de 2016, contendo pedido de an\u00e1lise para fins de Aprova\u00e7\u00e3o da proposta de Regimento Escolar. Anexo ao processo<\/span> segue Of\u00edcio Circular SMEJ n\u00ba 047 de 10 de outubro de 2016 com a proposta de altera\u00e7\u00e3o que visa contemplar o Projeto Acelerando Saber, Estudos de adapta\u00e7\u00e3o curricular e Planos de Estudo, no Regimento Escolar da Escola Municipal de Ensino Fundamental Duque de Caxias, localizada na Rua Edmundo Pilz, n\u00ba 252, Vila Jardim, Santa Rosa.<\/p>\n<p class=\"western\" align=\"justify\">2 &#8211; Acompanha o Processo:<\/p>\n<p class=\"western\" align=\"justify\">2.1 &#8211; C\u00f3pia do Regimento Escolar da EMEF Duque de Caxias com as altera\u00e7\u00f5es propostas.<\/p>\n<p class=\"western\" align=\"justify\">2. 2 &#8211; O Regimento Escolar est\u00e1 organizado de acordo com a Resolu\u00e7\u00e3o CME n\u00ba 2 de 14 de junho de 2011.<\/p>\n<p class=\"western\" align=\"justify\">AN\u00c1LISE DA MAT\u00c9RIA<\/p>\n<p class=\"western\" align=\"justify\"><span style=\"font-size: medium;\"> 3 &#8211; A an\u00e1lise das pe\u00e7as do processo, com base na legisla\u00e7\u00e3o vigente, permite a Comiss\u00e3o de Ensino Fundamental e EJA, atender a solicita\u00e7\u00e3o, considerando que:<\/span><\/p>\n<p class=\"western\" align=\"justify\"><span style=\"font-size: medium;\"> 3.1 \u2013 a c\u00f3pia do Regimento Escolar com as devidas altera\u00e7\u00f5es est\u00e1 organizado em<\/span><span style=\"font-size: medium;\"> conformidade com a Resolu\u00e7\u00e3o CME n\u00ba 2 de 14 de junho de 2011;<\/span><\/p>\n<p class=\"western\" align=\"justify\"><span style=\"font-size: medium;\"> 3.2 \u2013 o encaminhamento deste documento ao Conselho \u00e9 da responsabilidade da Mantenedora da Escola, aprovado pela comunidade escolar;<\/span><\/p>\n<p class=\"western\" align=\"justify\"><b> <\/b><span style=\"font-size: medium;\">3.3 \u2013 o texto documental estabelece subs\u00eddios e orienta\u00e7\u00f5es, em conson\u00e2ncia com a legisla\u00e7\u00e3o vigente.<\/span><\/p>\n<p class=\"western\" align=\"justify\"><b> <\/b>CONCLUS\u00c3O<\/p>\n<p class=\"western\" align=\"justify\"><b> <\/b>Face ao exposto a Comiss\u00e3o de Ensino Fundamental e EJA, conclui por:<\/p>\n<p class=\"western\" align=\"justify\">a) <span style=\"font-size: medium;\">Aprovar o Regimento Escolar da Escola Municipal de Ensino Fundamental Duque de Caxias, com todas as propostas de altera\u00e7\u00e3o devendo entrar em vigor no ano letivo de 2017.<\/span><\/p>\n<p class=\"western\" align=\"justify\">Santa Rosa, 30 de novembro de 2016.<\/p>\n<p class=\"western\" align=\"justify\"><b>COMISS\u00c3O DE ENSINO FUNDAMENTAL E EJA<\/b><\/p>\n<p class=\"western\" align=\"justify\"><span lang=\"it-IT\"><i>Luciane Rosler &#8211; <\/i><\/span><span lang=\"it-IT\"><i><b>Presidente<\/b><\/i><\/span><\/p>\n<p class=\"western\" align=\"justify\"><i>Odair Rog\u00e9rio Bernard \u2013 <\/i><i><b>Relator<\/b><\/i><\/p>\n<p class=\"western\" align=\"justify\">Elaine Palaver Dall&#8217;Ago &#8211;<i><b> Secret\u00e1ria<\/b><\/i><\/p>\n<p class=\"western\" align=\"justify\"><i>Themis Helena Patias <\/i><\/p>\n<p class=\"western\" lang=\"it-IT\" align=\"justify\"><i>Ros\u00e2ngela Beatriz Petry Vescia<\/i><\/p>\n<p align=\"justify\"><span style=\"font-size: medium;\"><i>Ant\u00f4nio Roberto L. Ternes<\/i><\/span><\/p>\n<p align=\"justify\"><span style=\"font-size: medium;\"><i>Rojane Elenir dos Santos<\/i><\/span><\/p>\n<p align=\"justify\"><span style=\"font-size: medium;\"><i>Mardiori Wathier<\/i><\/span><\/p>\n<p class=\"western\" align=\"center\">Aprovado por unanimidade pela plen\u00e1ria do Conselho na data de 13 de dezembro de 2016.<\/p>\n<p class=\"western\" align=\"center\"><strong>Dilene Maciel Cezar<\/strong><\/p>\n<p class=\"western\" align=\"center\"><b>Presidente do Conselho Municipal de Educa\u00e7\u00e3o<\/b><\/p>\n","protected":false},"excerpt":{"rendered":"<p>&nbsp; Documento em pdf \u2013 Link \u25ba Parecer 31-2016 &nbsp; PARECER CME n\u00ba 31\/2016 Processo SMEJ 10.031\/2016 Of\u00edcio Circ. SMEJ n\u00ba 047\/2016 Aprova altera\u00e7\u00f5es ao Regimento Escolar da Escola Municipal de Ensino Fundamental Duque de Caxias, com vig\u00eancia a partir do ano letivo de 2017. RELAT\u00d3RIO A Secretaria Municipal de Educa\u00e7\u00e3o e Juventude, encaminha \u00e0 [&hellip;]<\/p>\n","protected":false},"author":8,"featured_media":0,"comment_status":"open","ping_status":"open","sticky":false,"template":"","format":"standard","meta":{"footnotes":""},"categories":[23],"tags":[],"_links":{"self":[{"href":"https:\/\/cme.santarosa.rs.gov.br\/index.php?rest_route=\/wp\/v2\/posts\/1533"}],"collection":[{"href":"https:\/\/cme.santarosa.rs.gov.br\/index.php?rest_route=\/wp\/v2\/posts"}],"about":[{"href":"https:\/\/cme.santarosa.rs.gov.br\/index.php?rest_route=\/wp\/v2\/types\/post"}],"author":[{"embeddable":true,"href":"https:\/\/cme.santarosa.rs.gov.br\/index.php?rest_route=\/wp\/v2\/users\/8"}],"replies":[{"embeddable":true,"href":"https:\/\/cme.santarosa.rs.gov.br\/index.php?rest_route=%2Fwp%2Fv2%2Fcomments&post=1533"}],"version-history":[{"count":4,"href":"https:\/\/cme.santarosa.rs.gov.br\/index.php?rest_route=\/wp\/v2\/posts\/1533\/revisions"}],"predecessor-version":[{"id":1535,"href":"https:\/\/cme.santarosa.rs.gov.br\/index.php?rest_route=\/wp\/v2\/posts\/1533\/revisions\/1535"}],"wp:attachment":[{"href":"https:\/\/cme.santarosa.rs.gov.br\/index.php?rest_route=%2Fwp%2Fv2%2Fmedia&parent=1533"}],"wp:term":[{"taxonomy":"category","embeddable":true,"href":"https:\/\/cme.santarosa.rs.gov.br\/index.php?rest_route=%2Fwp%2Fv2%2Fcategories&post=1533"},{"taxonomy":"post_tag","embeddable":true,"href":"https:\/\/cme.santarosa.rs.gov.br\/index.php?rest_route=%2Fwp%2Fv2%2Ftags&post=1533"}],"curies":[{"name":"wp","href":"https:\/\/api.w.org\/{rel}","templated":true}]}}