{"id":1526,"date":"2016-12-15T18:27:38","date_gmt":"2016-12-15T18:27:38","guid":{"rendered":"http:\/\/cme.santarosa.rs.gov.br\/?p=1526"},"modified":"2019-12-05T11:59:09","modified_gmt":"2019-12-05T11:59:09","slug":"plano-municipal-de-educacao-pme-santa-rosa-rs","status":"publish","type":"post","link":"https:\/\/cme.santarosa.rs.gov.br\/?p=1526","title":{"rendered":"Plano Municipal de Educa\u00e7\u00e3o &#8211; PME \/ Santa Rosa &#8211; RS"},"content":{"rendered":"<hr \/>\n<p>Segue abaixo a Lei Municipal 5.219 de 29 de Maio de 2015 que disp\u00f5e sobre o Plano Municipal de Educa\u00e7\u00e3o do munic\u00edpio de Santa Rosa &#8211; RS.<\/p>\n<hr \/>\n<p align=\"center\"><u><b>LEI Municipal 5.219 de 29 de maio de 2015.<\/b><\/u><\/p>\n<p>Disp\u00f5e sobre o <u><b>Plano Municipal de Educa\u00e7\u00e3o<\/b><\/u> \u0096 PME, e d\u00e1 outras provid\u00eancias<\/p>\n<p>O PREFEITO MUNICIPAL DE SANTA ROSA, Estado do Rio Grande do Sul, no uso das atribui\u00e7\u00f5es que lhe s\u00e3o conferidas pela Lei Org\u00e2nica Municipal, artigo 55,<\/p>\n<p>FAZ SABER que a C\u00e2mara de Vereadores aprovou e eu sanciono a seguinte lei:<\/p>\n<p>Art. 1\u00ba Fica aprovado o Plano Municipal de Educa\u00e7\u00e3o \u0096 PME, do munic\u00edpio de Santa Rosa, nos termos do anexo \u00fanico desta lei.<\/p>\n<p>Par\u00e1grafo \u00fanico. A vig\u00eancia do PME ser\u00e1 de 10 (dez) anos, a contar da publica\u00e7\u00e3o desta lei.<\/p>\n<p>Art. 2\u00ba S\u00e3o diretrizes do Plano Municipal de Educa\u00e7\u00e3o:<\/p>\n<p>I &#8211; Erradica\u00e7\u00e3o do analfabetismo;<\/p>\n<p>II &#8211; Universaliza\u00e7\u00e3o do atendimento escolar;<\/p>\n<p>III &#8211; Supera\u00e7\u00e3o das desigualdades educacionais;<\/p>\n<p>IV &#8211; Supera\u00e7\u00e3o das desigualdades educacionais com \u00eanfase na promo\u00e7\u00e3o da cidadania e na erradica\u00e7\u00e3o de todas as formas de discrimina\u00e7\u00e3o;<\/p>\n<p>V- Melhoria da qualidade da educa\u00e7\u00e3o;<\/p>\n<p>VI &#8211; Forma\u00e7\u00e3o para o trabalho e para a cidadania com \u00eanfase nos valores morais e \u00e9ticos em que se fundamenta a sociedade;<\/p>\n<p>VII &#8211; Promo\u00e7\u00e3o human\u00edstica, cient\u00edfica, cultural e tecnol\u00f3gica do pa\u00eds;<\/p>\n<p>VIII &#8211; Estabelecimento de meta de aplica\u00e7\u00e3o de recursos p\u00fablicos em educa\u00e7\u00e3o como propor\u00e7\u00e3o do Produto Interno Bruto &#8211; PIB, que assegure atendimento \u00e0s necessidades de expans\u00e3o, com padr\u00e3o de qualidade e equidade;<\/p>\n<p>IX &#8211; Valoriza\u00e7\u00e3o dos profissionais da educa\u00e7\u00e3o;<\/p>\n<p>X &#8211; Promo\u00e7\u00e3o dos princ\u00edpios do respeito aos direitos humanos, \u00e0 diversidade e \u00e0 sustentabilidade socioambiental.<\/p>\n<p>Art. 3\u00ba As metas previstas no anexo \u00fanico desta lei ser\u00e3o cumpridas no prazo de vig\u00eancia deste PME, desde que n\u00e3o haja prazo inferior definido para metas e estrat\u00e9gias espec\u00edficas.<\/p>\n<p>Art. 4\u00ba A execu\u00e7\u00e3o do PME e o cumprimento de suas metas ser\u00e3o objetos de monitoramento cont\u00ednuo e de avalia\u00e7\u00f5es peri\u00f3dicas, realizados pelas seguintes inst\u00e2ncias:<\/p>\n<p>I &#8211; Comiss\u00e3o Coordenadora da Secretaria Municipal de Educa\u00e7\u00e3o e Juventude;<\/p>\n<p>II &#8211; Comiss\u00e3o de Educa\u00e7\u00e3o da C\u00e2mara dos Vereadores;<\/p>\n<p>III &#8211; Conselho Municipal de Educa\u00e7\u00e3o &#8211; CME;<\/p>\n<p>IV &#8211; Confer\u00eancia Municipal de Educa\u00e7\u00e3o.<\/p>\n<p>Par\u00e1grafo \u00fanico. Compete, ainda, \u00e0s inst\u00e2ncias referidas no caput:<\/p>\n<p>I &#8211; divulgar os resultados do monitoramento e das avalia\u00e7\u00f5es nos respectivos s\u00edtios institucionais da internet;<\/p>\n<p>II &#8211; analisar e propor pol\u00edticas p\u00fablicas para assegurar a implementa\u00e7\u00e3o das estrat\u00e9gias e o cumprimento das metas;<\/p>\n<p>III &#8211; analisar periodicamente o percentual de investimento p\u00fablico em educa\u00e7\u00e3o.<\/p>\n<p>Art. 5\u00ba O munic\u00edpio promover\u00e1 a realiza\u00e7\u00e3o de confer\u00eancias municipais de educa\u00e7\u00e3o a cada dois anos, at\u00e9 o final do dec\u00eanio, precedidas de confer\u00eancias articuladas e coordenadas pela Comiss\u00e3o Coordenadora do PME, composta por diversas institui\u00e7\u00f5es educacionais do munic\u00edpio.<\/p>\n<p>Art. 6\u00ba Esta lei entra em vigor na da data de sua publica\u00e7\u00e3o.<\/p>\n<p>Art. 7\u00ba Fica revogada a Lei no 4.246, de 3 de janeiro de 2007.<\/p>\n<p>GABINETE DO PREFEITO MUNICIPAL DE SANTA ROSA, EM 29 DE MAIO DE 2015.<\/p>\n<p align=\"center\">ALCIDES VICINI,<\/p>\n<p align=\"center\">Prefeito Municipal.<\/p>\n","protected":false},"excerpt":{"rendered":"<p>Segue abaixo a Lei Municipal 5.219 de 29 de Maio de 2015 que disp\u00f5e sobre o Plano Municipal de Educa\u00e7\u00e3o do munic\u00edpio de Santa Rosa &#8211; RS. LEI Municipal 5.219 de 29 de maio de 2015. Disp\u00f5e sobre o Plano Municipal de Educa\u00e7\u00e3o \u0096 PME, e d\u00e1 outras provid\u00eancias O PREFEITO MUNICIPAL DE SANTA ROSA, [&hellip;]<\/p>\n","protected":false},"author":8,"featured_media":0,"comment_status":"open","ping_status":"open","sticky":false,"template":"","format":"standard","meta":{"footnotes":""},"categories":[24],"tags":[],"_links":{"self":[{"href":"https:\/\/cme.santarosa.rs.gov.br\/index.php?rest_route=\/wp\/v2\/posts\/1526"}],"collection":[{"href":"https:\/\/cme.santarosa.rs.gov.br\/index.php?rest_route=\/wp\/v2\/posts"}],"about":[{"href":"https:\/\/cme.santarosa.rs.gov.br\/index.php?rest_route=\/wp\/v2\/types\/post"}],"author":[{"embeddable":true,"href":"https:\/\/cme.santarosa.rs.gov.br\/index.php?rest_route=\/wp\/v2\/users\/8"}],"replies":[{"embeddable":true,"href":"https:\/\/cme.santarosa.rs.gov.br\/index.php?rest_route=%2Fwp%2Fv2%2Fcomments&post=1526"}],"version-history":[{"count":3,"href":"https:\/\/cme.santarosa.rs.gov.br\/index.php?rest_route=\/wp\/v2\/posts\/1526\/revisions"}],"predecessor-version":[{"id":2454,"href":"https:\/\/cme.santarosa.rs.gov.br\/index.php?rest_route=\/wp\/v2\/posts\/1526\/revisions\/2454"}],"wp:attachment":[{"href":"https:\/\/cme.santarosa.rs.gov.br\/index.php?rest_route=%2Fwp%2Fv2%2Fmedia&parent=1526"}],"wp:term":[{"taxonomy":"category","embeddable":true,"href":"https:\/\/cme.santarosa.rs.gov.br\/index.php?rest_route=%2Fwp%2Fv2%2Fcategories&post=1526"},{"taxonomy":"post_tag","embeddable":true,"href":"https:\/\/cme.santarosa.rs.gov.br\/index.php?rest_route=%2Fwp%2Fv2%2Ftags&post=1526"}],"curies":[{"name":"wp","href":"https:\/\/api.w.org\/{rel}","templated":true}]}}