{"id":1493,"date":"2016-10-17T11:17:36","date_gmt":"2016-10-17T11:17:36","guid":{"rendered":"http:\/\/cme.santarosa.rs.gov.br\/?p=1493"},"modified":"2017-02-14T09:45:54","modified_gmt":"2017-02-14T09:45:54","slug":"parecer-cme-no-292016","status":"publish","type":"post","link":"https:\/\/cme.santarosa.rs.gov.br\/?p=1493","title":{"rendered":"Parecer CME n\u00ba 29\/2016"},"content":{"rendered":"<hr \/>\n<p>Documento em pdf &#8211; Link \u25ba<a href=\"http:\/\/cme.santarosa.rs.gov.br\/wp-content\/uploads\/2016\/10\/Parecer-29-2016.pdf\">Parecer 29-2016<\/a><\/p>\n<hr \/>\n<p>&nbsp;<\/p>\n<p><b>Parecer CME n\u00ba 29\/2016<\/b><\/p>\n<p class=\"western\"><span style=\"font-size: medium;\"><b>Processo SMEJ 7.142 \/2016<\/b><\/span><\/p>\n<p><span style=\"font-size: medium;\"><i><b>Renova a autoriza\u00e7\u00e3o de funcionamento da Escola Municipal de Educa\u00e7\u00e3o Infantil Recanto da Crian\u00e7a, em Santa Rosa RS<\/b><\/i><\/span><\/p>\n<p><span style=\"font-size: medium;\"> RELAT\u00d3RIO<\/span><\/p>\n<p><span style=\"font-size: medium;\"> A Secretaria Municipal de Educa\u00e7\u00e3o e Juventude encaminha \u00e0 aprecia\u00e7\u00e3o deste Conselho, processo n\u00ba 7.142, de 18 de julho de 2016, contendo pedido de Renova\u00e7\u00e3o de Autoriza\u00e7\u00e3o de Funcionamento, da Escola Municipal de Educa\u00e7\u00e3o Infantil Recanto da Crian\u00e7a localizada na Rua Gerson Lunardi, n\u00ba 173, Vila Timba\u00fava, em Santa Rosa. <\/span><\/p>\n<p class=\"western\"><span style=\"font-size: medium;\"> A escola foi autorizada para oferta de Educa\u00e7\u00e3o Infantil pela Portaria n\u00ba 22, de 05 de agosto de 2005, expedida pela Secretaria Municipal de Educa\u00e7\u00e3o e Juventude.<\/span><\/p>\n<p class=\"western\"><span style=\"font-size: medium;\"> 2 &#8211; O processo est\u00e1 instru\u00eddo de acordo com a Resolu\u00e7\u00e3o CME n\u00ba 01 de 08 de dezembro de 2015 e cont\u00e9m as seguintes pe\u00e7as documentais:<\/span><\/p>\n<p class=\"western\" align=\"left\"><span style=\"font-size: medium;\"> 2.1 &#8211; Of\u00edcio n\u00ba121\/2016 subscrito pela Secret\u00e1ria Municipal de Educa\u00e7\u00e3o e Juventude, contendo o pedido;<\/span><\/p>\n<p class=\"western\" align=\"left\"><span style=\"font-size: medium;\"> 2. 2 &#8211; C\u00f3pia do \u00faltimo documento de Autoriza\u00e7\u00e3o de Funcionamento: Parecer CME n\u00ba 27 \/2012;<\/span><\/p>\n<p class=\"western\" align=\"left\"><span style=\"font-size: medium;\"> 2. 3 &#8211; C\u00f3pia do Regimento Escolar em vig\u00eancia;<\/span><\/p>\n<p class=\"western\" align=\"left\"><span style=\"font-size: medium;\"> 2. 4 &#8211; C\u00f3pia do Projeto Pol\u00edtico-Pedag\u00f3gico;<\/span><\/p>\n<p class=\"western\" align=\"left\"><span style=\"font-size: medium;\"> 2. 5 &#8211; Plano de Forma\u00e7\u00e3o Continuada para os Trabalhadores em Educa\u00e7\u00e3o;<\/span><\/p>\n<p class=\"western\" align=\"left\"><span style=\"font-size: medium;\"> 2. 6 &#8211; Rela\u00e7\u00e3o dos Recursos Humanos, com respectivas fun\u00e7\u00f5es e comprova\u00e7\u00e3o de sua habilita\u00e7\u00e3o;<\/span><\/p>\n<p class=\"western\" align=\"left\"><span style=\"font-size: medium;\"> 2. 7 -.Previs\u00e3o do n\u00famero de matr\u00edculas com demonstrativo da organiza\u00e7\u00e3o das turmas.<\/span><\/p>\n<p class=\"western\"><span style=\"font-size: medium;\"> AN\u00c1LISE DA MAT\u00c9RIA<\/span><\/p>\n<p class=\"western\"><span style=\"font-size: medium;\"> 3 &#8211; A an\u00e1lise das pe\u00e7as do processo, com base na legisla\u00e7\u00e3o vigente, permite a Comiss\u00e3o de Educa\u00e7\u00e3o Infantil, atender a solicita\u00e7\u00e3o, considerando que:<\/span><\/p>\n<p class=\"western\"><span style=\"font-size: medium;\"> 3. 1 \u2013 o Regimento Escolar aprovado e autenticado por este conselho est\u00e1 organizado em conformidade com a Resolu\u00e7\u00e3o CME n\u00ba 2 de 14 de junho de 2011;<\/span><\/p>\n<p class=\"western\"><span style=\"font-size: medium;\"> 3. 2 \u2013 o Projeto Pol\u00edtico-Pedag\u00f3gico est\u00e1 elaborado de acordo com a Resolu\u00e7\u00e3o CME n\u00ba 02 de 03 de agosto de 2010.<\/span><\/p>\n<p class=\"western\"><span style=\"font-size: medium;\"> 3.3 \u2013 a rela\u00e7\u00e3o dos Recursos Humanos com demonstrativo de organiza\u00e7\u00e3o de turmas e as c\u00f3pias dos comprovantes de habilita\u00e7\u00e3o dos profissionais em efetivo exerc\u00edcio na escola est\u00e3o de acordo com o anexo 2 da Resolu\u00e7\u00e3o CME n\u00ba 01\/2015; <\/span><\/p>\n<p class=\"western\"><span style=\"font-size: medium;\"> 3.4 \u2013 o demonstrativo de organiza\u00e7\u00e3o de turmas desta escola apresenta matr\u00edculas de meio turno e de turno integral distribu\u00eddas em duas turmas de ber\u00e7\u00e1rio, duas turmas de maternal e duas turmas de Pr\u00e9-escola. Uma das duas turmas de Pr\u00e9-escola est\u00e1 instalada na Escola Estadual de Ensino Fundamental Timba\u00fava, localizada na Rua Vicente Cardoso, n\u00ba 61, Vila Timba\u00fava, em Santa Rosa,<\/span> <span style=\"font-size: medium;\">conforme conv\u00eanio firmado entre a Prefeitura Municipal de Santa Rosa e a Secretaria Estadual de Educa\u00e7\u00e3o do Rio Grande do Sul.<\/span><\/p>\n<p class=\"western\"><span style=\"font-size: medium;\">. <\/span><\/p>\n<p class=\"western\"><span style=\"font-size: medium;\"> 3.5 \u2013 Alerta-se a Mantenedora e a Escola para o cumprimento:<\/span><\/p>\n<p class=\"western\"><span style=\"font-size: medium;\"> &#8211; da determina\u00e7\u00e3o estabelecida na Resolu\u00e7\u00e3o CME n\u00ba 02, de 03 de agosto de 2010, que em seu artigo 10, disp\u00f5e sobre a propor\u00e7\u00e3o de crian\u00e7as de mesma faixa de idade, em agrupamentos das turmas de educa\u00e7\u00e3o infantil.<\/span><\/p>\n<p class=\"western\"><span style=\"font-size: medium;\"> CONCLUS\u00c3O<\/span><\/p>\n<p class=\"western\"><span style=\"font-size: medium;\"> Face ao exposto, a Comiss\u00e3o de Educa\u00e7\u00e3o Infantil conclui por:<\/span><\/p>\n<p><span style=\"font-size: medium;\"> a) Renovar a Autoriza\u00e7\u00e3o de Funcionamento da Escola Municipal de Educa\u00e7\u00e3o Infantil Recanto da Crian\u00e7a, localizada na Rua Gerson Lunardi, n\u00ba 173, Vila Timba\u00fava, em Santa Rosa, para a oferta de Educa\u00e7\u00e3o Infantil na faixa et\u00e1ria de 0 (zero) a 5 (cinco) anos, pelo per\u00edodo de at\u00e9 quatro anos, a partir da homologa\u00e7\u00e3o deste Parecer. <\/span><\/p>\n<p><span style=\"font-size: medium;\"> b) Determinar o cumprimento da provid\u00eancia, conforme disposto no item 3.5 deste Parecer.<\/span><\/p>\n<p class=\"western\" align=\"justify\"><span style=\"font-size: medium;\">Em 16 de agosto de 2016<b>.<\/b><\/span><\/p>\n<p class=\"western\" align=\"left\"><span style=\"font-size: medium;\"><b>Comiss\u00e3o de Educa\u00e7\u00e3o Infantil<\/b><\/span><\/p>\n<p class=\"western\" align=\"left\"><span style=\"font-size: medium;\"><b>Micheli Boeira Flores \u2013 Presidente<\/b><\/span><\/p>\n<p class=\"western\" align=\"left\"><span style=\"font-size: medium;\"><b>Carla Simone Sperling \u2013 Relatora<\/b><\/span><\/p>\n<p class=\"western\" align=\"left\"><span style=\"font-size: medium;\"><b>Isabela Knob Malikowski \u2013 Secret\u00e1ria<\/b><\/span><\/p>\n<p class=\"western\" lang=\"it-IT\" align=\"left\"><span style=\"font-size: medium;\"><b>Franciele Isabel Wille<\/b><\/span><\/p>\n<p class=\"western\" lang=\"it-IT\" align=\"left\"><span style=\"font-size: medium;\"><b>Karla Fehlauer Cappellari<\/b><\/span><\/p>\n<p class=\"western\" align=\"left\"><span style=\"font-size: medium;\"><b>Nestor Tatsch<\/b><\/span><\/p>\n<p class=\"western\" lang=\"it-IT\" align=\"justify\"><b>Luciane P. Carvalho de Mattos<\/b><\/p>\n<p class=\"western\" align=\"center\"><span style=\"font-size: medium;\"><span style=\"font-size: medium;\">Aprovado por unanimidade em plen\u00e1ria do Conselho, na data de 11 de outubro de 2016<\/span><span style=\"font-size: medium;\"><i>.<\/i><\/span><\/span><\/p>\n<p class=\"western\" align=\"center\"><strong>Dilene Maciel C\u00e9zar<\/strong><\/p>\n<p class=\"western\" align=\"center\"><span style=\"font-size: medium;\"><b>Presidente do Conselho Municipal de Educa\u00e7\u00e3o<\/b><\/span><\/p>\n","protected":false},"excerpt":{"rendered":"<p>Documento em pdf &#8211; Link \u25baParecer 29-2016 &nbsp; Parecer CME n\u00ba 29\/2016 Processo SMEJ 7.142 \/2016 Renova a autoriza\u00e7\u00e3o de funcionamento da Escola Municipal de Educa\u00e7\u00e3o Infantil Recanto da Crian\u00e7a, em Santa Rosa RS RELAT\u00d3RIO A Secretaria Municipal de Educa\u00e7\u00e3o e Juventude encaminha \u00e0 aprecia\u00e7\u00e3o deste Conselho, processo n\u00ba 7.142, de 18 de julho de [&hellip;]<\/p>\n","protected":false},"author":8,"featured_media":0,"comment_status":"open","ping_status":"open","sticky":false,"template":"","format":"standard","meta":{"footnotes":""},"categories":[23],"tags":[],"_links":{"self":[{"href":"https:\/\/cme.santarosa.rs.gov.br\/index.php?rest_route=\/wp\/v2\/posts\/1493"}],"collection":[{"href":"https:\/\/cme.santarosa.rs.gov.br\/index.php?rest_route=\/wp\/v2\/posts"}],"about":[{"href":"https:\/\/cme.santarosa.rs.gov.br\/index.php?rest_route=\/wp\/v2\/types\/post"}],"author":[{"embeddable":true,"href":"https:\/\/cme.santarosa.rs.gov.br\/index.php?rest_route=\/wp\/v2\/users\/8"}],"replies":[{"embeddable":true,"href":"https:\/\/cme.santarosa.rs.gov.br\/index.php?rest_route=%2Fwp%2Fv2%2Fcomments&post=1493"}],"version-history":[{"count":5,"href":"https:\/\/cme.santarosa.rs.gov.br\/index.php?rest_route=\/wp\/v2\/posts\/1493\/revisions"}],"predecessor-version":[{"id":1598,"href":"https:\/\/cme.santarosa.rs.gov.br\/index.php?rest_route=\/wp\/v2\/posts\/1493\/revisions\/1598"}],"wp:attachment":[{"href":"https:\/\/cme.santarosa.rs.gov.br\/index.php?rest_route=%2Fwp%2Fv2%2Fmedia&parent=1493"}],"wp:term":[{"taxonomy":"category","embeddable":true,"href":"https:\/\/cme.santarosa.rs.gov.br\/index.php?rest_route=%2Fwp%2Fv2%2Fcategories&post=1493"},{"taxonomy":"post_tag","embeddable":true,"href":"https:\/\/cme.santarosa.rs.gov.br\/index.php?rest_route=%2Fwp%2Fv2%2Ftags&post=1493"}],"curies":[{"name":"wp","href":"https:\/\/api.w.org\/{rel}","templated":true}]}}