{"id":1348,"date":"2016-07-08T13:16:53","date_gmt":"2016-07-08T13:16:53","guid":{"rendered":"http:\/\/cme.santarosa.rs.gov.br\/?p=1348"},"modified":"2016-09-14T17:04:36","modified_gmt":"2016-09-14T17:04:36","slug":"visita-e-e-neusa-maria-pacheco-escola-do-tempo-integral","status":"publish","type":"post","link":"https:\/\/cme.santarosa.rs.gov.br\/?p=1348","title":{"rendered":"Visita E.E. NEUSA MARIA PACHECO &#8211; Escola tempo integral"},"content":{"rendered":"<div id=\"x_yui_3_16_0_ym19_1_1467937469093_5620\"><span id=\"x_yui_3_16_0_ym19_1_1467937469093_5621\">O Conselho Municipal de Educa\u00e7\u00e3o &#8211; CME, representantes da Secretaria Municipal de Educa\u00e7\u00e3o e Juventude &#8211; SMEJ, alguns diretores e professores da rede municipal em visita a <b id=\"x_yui_3_16_0_ym19_1_1467937469093_5622\">E.E. NEUSA MARIA PACHECO<\/b> no Bairro de Canelinha no munic\u00edpio de Canela- RS organizada pela 17\u00aaCRE.<\/span><\/div>\n<div id=\"x_yui_3_16_0_ym19_1_1467937469093_5624\"><span id=\"x_yui_3_16_0_ym19_1_1467937469093_5625\">A Escola funciona em regime seriado, <b id=\"x_yui_3_16_0_ym19_1_1467937469093_5626\">de turno integral<\/b>, profissionalizante com uma ampla estrutura administrativa, para uma forte consecu\u00e7\u00e3o pedag\u00f3gic <\/span><\/div>\n","protected":false},"excerpt":{"rendered":"<p>O Conselho Municipal de Educa\u00e7\u00e3o &#8211; CME, representantes da Secretaria Municipal de Educa\u00e7\u00e3o e Juventude &#8211; SMEJ, alguns diretores e professores da rede municipal em visita a E.E. NEUSA MARIA PACHECO no Bairro de Canelinha no munic\u00edpio de Canela- RS organizada pela 17\u00aaCRE. A Escola funciona em regime seriado, de turno integral, profissionalizante com uma [&hellip;]<\/p>\n","protected":false},"author":8,"featured_media":0,"comment_status":"closed","ping_status":"closed","sticky":false,"template":"","format":"standard","meta":{"footnotes":""},"categories":[12,4],"tags":[],"_links":{"self":[{"href":"https:\/\/cme.santarosa.rs.gov.br\/index.php?rest_route=\/wp\/v2\/posts\/1348"}],"collection":[{"href":"https:\/\/cme.santarosa.rs.gov.br\/index.php?rest_route=\/wp\/v2\/posts"}],"about":[{"href":"https:\/\/cme.santarosa.rs.gov.br\/index.php?rest_route=\/wp\/v2\/types\/post"}],"author":[{"embeddable":true,"href":"https:\/\/cme.santarosa.rs.gov.br\/index.php?rest_route=\/wp\/v2\/users\/8"}],"replies":[{"embeddable":true,"href":"https:\/\/cme.santarosa.rs.gov.br\/index.php?rest_route=%2Fwp%2Fv2%2Fcomments&post=1348"}],"version-history":[{"count":5,"href":"https:\/\/cme.santarosa.rs.gov.br\/index.php?rest_route=\/wp\/v2\/posts\/1348\/revisions"}],"predecessor-version":[{"id":1398,"href":"https:\/\/cme.santarosa.rs.gov.br\/index.php?rest_route=\/wp\/v2\/posts\/1348\/revisions\/1398"}],"wp:attachment":[{"href":"https:\/\/cme.santarosa.rs.gov.br\/index.php?rest_route=%2Fwp%2Fv2%2Fmedia&parent=1348"}],"wp:term":[{"taxonomy":"category","embeddable":true,"href":"https:\/\/cme.santarosa.rs.gov.br\/index.php?rest_route=%2Fwp%2Fv2%2Fcategories&post=1348"},{"taxonomy":"post_tag","embeddable":true,"href":"https:\/\/cme.santarosa.rs.gov.br\/index.php?rest_route=%2Fwp%2Fv2%2Ftags&post=1348"}],"curies":[{"name":"wp","href":"https:\/\/api.w.org\/{rel}","templated":true}]}}