{"id":1167,"date":"2016-04-15T11:12:54","date_gmt":"2016-04-15T11:12:54","guid":{"rendered":"http:\/\/cme.santarosa.rs.gov.br\/?p=1167"},"modified":"2016-04-25T13:59:54","modified_gmt":"2016-04-25T13:59:54","slug":"parecer-cme-no-05-2015","status":"publish","type":"post","link":"https:\/\/cme.santarosa.rs.gov.br\/?p=1167","title":{"rendered":"Parecer CME n\u00ba 05 \/2015"},"content":{"rendered":"<hr \/>\n<p class=\"western\">Documento em pdf &#8211; Link: \u25ba\u00a0<strong><a href=\"http:\/\/cme.santarosa.rs.gov.br\/wp-content\/uploads\/2016\/04\/Parecer-05-2015.pdf\">Parecer 05-2015<\/a><\/strong><\/p>\n<hr \/>\n<p class=\"western\"><b>Parecer CME n\u00ba 05 \/2015<\/b><\/p>\n<p class=\"western\"><b>Interessado: Associa\u00e7\u00e3o de Pais e Amigos dos Excepcionais &#8211; APAE<\/b><\/p>\n<p class=\"western\"><b>Assunto: Renova\u00e7\u00e3o de Credenciamento<\/b><\/p>\n<p align=\"justify\"><span style=\"font-size: medium;\"><i><b>Renova o Credenciamento como Entidade Beneficente da Educa\u00e7\u00e3o, a Mantenedora: Associa\u00e7\u00e3o de Pais e Amigos dos Excepcionais, APAE, de Santa Rosa, em 2015, no Conselho Municipal de Educa\u00e7\u00e3o.<\/b><\/i><\/span><\/p>\n<p class=\"western\"><strong>RELAT\u00d3RIO<\/strong><\/p>\n<p class=\"western\" align=\"justify\">Atrav\u00e9s de Requerimento, de 09 de abril de 2015, o Presidente da Entidade Mantenedora, Associa\u00e7\u00e3o de Pais e Amigos dos Excepcionais, APAE, solicita Renova\u00e7\u00e3o do Credenciamento como Entidade Beneficente da Educa\u00e7\u00e3o.<\/p>\n<p align=\"justify\"><span style=\"font-size: large;\"><span style=\"font-size: medium;\">A Mantenedora est\u00e1 localizada no endere\u00e7o: Avenida Borges de Medeiros, n\u00ba 304, Bairro Centro, Santa Rosa.<\/span><\/span><\/p>\n<p align=\"justify\"><span style=\"font-size: large;\"><span style=\"font-size: medium;\">Est\u00e1 cadastrada no Conselho Municipal de Educa\u00e7\u00e3o sob a matr\u00edcula n\u00ba 07.<\/span><\/span><\/p>\n<p class=\"western\">2 . O Requerimento da Mantenedora e demais documentos est\u00e3o organizados de acordo com o artigo 1\u00ba da Resolu\u00e7\u00e3o CME n\u00ba 02 de 12 de junho de 2012, sendo:<\/p>\n<ul>\n<li>\n<p class=\"western\" align=\"justify\">I \u2013 Requerimento solicitando credenciamento ou renova\u00e7\u00e3o como Entidade\u00a0beneficente da \u00e1rea de Educa\u00e7\u00e3o;<\/p>\n<\/li>\n<li>\n<p class=\"western\">II \u2013 C\u00f3pia do Estatuto Social da Entidade, sendo que para a renova\u00e7\u00e3o\u00a0do credenciamento, a Mantenedora encaminhar\u00e1 c\u00f3pia do Estatuto Social, somente quando\u00a0houver altera\u00e7\u00e3o;<\/p>\n<\/li>\n<li>\n<p class=\"western\" align=\"justify\">III \u2013 Nominata dos membros da atual diretoria da Entidade;<\/p>\n<\/li>\n<li>\n<p class=\"western\" align=\"justify\">IV \u2013 Relat\u00f3rio de atividades desempenhadas no exerc\u00edcio fiscal anterior ao\u00a0requerimento, devidamente assinado pelo representante legal da institui\u00e7\u00e3o, destacando informa\u00e7\u00f5es sobre o p\u00fablico atendido e os recursos envolvidos;<\/p>\n<\/li>\n<li>\n<p class=\"western\">V \u2013 Parecer do Conselho Fiscal em rela\u00e7\u00e3o ao inciso IV;<\/p>\n<\/li>\n<li>\n<p class=\"western\">VI \u2013 Balan\u00e7o Patrimonial do exerc\u00edcio anterior, publicado em jornal. Caso o balan\u00e7o seja publicado ap\u00f3s a data estipulada por essa Resolu\u00e7\u00e3o, cabe a Mantenedora justificar e envi\u00e1-lo posteriormente.<\/p>\n<\/li>\n<li>\n<p class=\"western\">VII \u2013 Demonstrativo de aplica\u00e7\u00e3o da filantropia, ou gratuidade, no exerc\u00edcio fiscal imediatamente anterior, com identifica\u00e7\u00e3o dos benefici\u00e1rios das bolsas;<\/p>\n<\/li>\n<li>\n<p class=\"western\">VIII \u2013 Plano de atendimento para o exerc\u00edcio em curso, com indica\u00e7\u00e3o das bolsas de estudo, e das a\u00e7\u00f5es assistenciais e programas de apoio aos alunos bolsistas.<\/p>\n<\/li>\n<\/ul>\n<p class=\"western\"><strong>AN\u00c1LISE DA MAT\u00c9RIA<\/strong><\/p>\n<p class=\"western\" align=\"left\">A an\u00e1lise dos documentos, realizada pela Comiss\u00e3o de legisla\u00e7\u00e3o e Normas e Educa\u00e7\u00e3o Especial, permite concluir pelo atendimento do pedido da mantenedora, Associa\u00e7\u00e3o de<b> <\/b>Pais e Amigos dos Excepcionais &#8211; APAE, considerando que a documenta\u00e7\u00e3o, est\u00e1 de acordo com a legisla\u00e7\u00e3o vigente.<\/p>\n<p class=\"western\" align=\"justify\"><strong>CONCLUS\u00c3O<\/strong><\/p>\n<p class=\"western\" align=\"left\">Face ao exposto, a Comiss\u00e3o de legisla\u00e7\u00e3o e Normas e Educa\u00e7\u00e3o Especial prop\u00f5e:<\/p>\n<p class=\"western\" align=\"left\">&#8211; A Renova\u00e7\u00e3o do Credenciamento, no ano de 2015, da Entidade: Associa\u00e7\u00e3o de Pais e Amigos dos Excepcionais \u2013 APAE, como Entidade Beneficente de Educa\u00e7\u00e3o.<\/p>\n<p class=\"western\" align=\"justify\">Santa Rosa, 10 de abril de 2015.<\/p>\n<p class=\"western\" align=\"justify\"><b>COMISS\u00c3O DE LEGISLA\u00c7\u00c3O E NORMAS E EDUCA\u00c7\u00c3O ESPECIAL<\/b><\/p>\n<p class=\"western\" align=\"justify\">Adelino Pedro Wisniewski &#8211; <b>Relator<\/b><\/p>\n<p class=\"western\" align=\"justify\">Maria Cristina Zanotto &#8211; <b>Secret\u00e1ria<\/b><\/p>\n<p class=\"western\" lang=\"it-IT\" align=\"justify\">Nelson Della Valli<\/p>\n<p class=\"western\" align=\"justify\">Marcelo Eder Lamb<\/p>\n<p class=\"western\" align=\"justify\"><span lang=\"it-IT\">Mara Regina Kolling &#8211; <\/span><span lang=\"it-IT\"><b>Presidente<\/b><\/span><\/p>\n<p class=\"western\" align=\"justify\">Jos\u00e9 Marino Loch<\/p>\n<p class=\"western\">J\u00e9ssica Mariana Martins Schubert<\/p>\n<p align=\"center\"><span style=\"font-size: large;\"><span style=\"font-size: medium;\">Aprovado por unanimidade<\/span><span style=\"font-size: medium;\">, pelo Plen\u00e1rio do CME em sess\u00e3o de 14 de <\/span><span style=\"font-size: medium;\">abril de 201<\/span><span style=\"font-size: medium;\"><i>5.<\/i><\/span><\/span><\/p>\n<p class=\"western\" align=\"center\"><b>Dilene Maciel Cezar<\/b><\/p>\n<p class=\"western\" align=\"center\"><b>Presidente do Conselho Municipal de Educa\u00e7\u00e3o<\/b><\/p>\n","protected":false},"excerpt":{"rendered":"<p>Documento em pdf &#8211; Link: \u25ba\u00a0Parecer 05-2015 Parecer CME n\u00ba 05 \/2015 Interessado: Associa\u00e7\u00e3o de Pais e Amigos dos Excepcionais &#8211; APAE Assunto: Renova\u00e7\u00e3o de Credenciamento Renova o Credenciamento como Entidade Beneficente da Educa\u00e7\u00e3o, a Mantenedora: Associa\u00e7\u00e3o de Pais e Amigos dos Excepcionais, APAE, de Santa Rosa, em 2015, no Conselho Municipal de Educa\u00e7\u00e3o. RELAT\u00d3RIO [&hellip;]<\/p>\n","protected":false},"author":8,"featured_media":0,"comment_status":"open","ping_status":"open","sticky":false,"template":"","format":"standard","meta":{"footnotes":""},"categories":[19],"tags":[],"_links":{"self":[{"href":"https:\/\/cme.santarosa.rs.gov.br\/index.php?rest_route=\/wp\/v2\/posts\/1167"}],"collection":[{"href":"https:\/\/cme.santarosa.rs.gov.br\/index.php?rest_route=\/wp\/v2\/posts"}],"about":[{"href":"https:\/\/cme.santarosa.rs.gov.br\/index.php?rest_route=\/wp\/v2\/types\/post"}],"author":[{"embeddable":true,"href":"https:\/\/cme.santarosa.rs.gov.br\/index.php?rest_route=\/wp\/v2\/users\/8"}],"replies":[{"embeddable":true,"href":"https:\/\/cme.santarosa.rs.gov.br\/index.php?rest_route=%2Fwp%2Fv2%2Fcomments&post=1167"}],"version-history":[{"count":7,"href":"https:\/\/cme.santarosa.rs.gov.br\/index.php?rest_route=\/wp\/v2\/posts\/1167\/revisions"}],"predecessor-version":[{"id":1238,"href":"https:\/\/cme.santarosa.rs.gov.br\/index.php?rest_route=\/wp\/v2\/posts\/1167\/revisions\/1238"}],"wp:attachment":[{"href":"https:\/\/cme.santarosa.rs.gov.br\/index.php?rest_route=%2Fwp%2Fv2%2Fmedia&parent=1167"}],"wp:term":[{"taxonomy":"category","embeddable":true,"href":"https:\/\/cme.santarosa.rs.gov.br\/index.php?rest_route=%2Fwp%2Fv2%2Fcategories&post=1167"},{"taxonomy":"post_tag","embeddable":true,"href":"https:\/\/cme.santarosa.rs.gov.br\/index.php?rest_route=%2Fwp%2Fv2%2Ftags&post=1167"}],"curies":[{"name":"wp","href":"https:\/\/api.w.org\/{rel}","templated":true}]}}