{"id":1154,"date":"2016-04-01T17:08:28","date_gmt":"2016-04-01T17:08:28","guid":{"rendered":"http:\/\/cme.santarosa.rs.gov.br\/?p=1154"},"modified":"2016-04-25T13:57:49","modified_gmt":"2016-04-25T13:57:49","slug":"parecer-cme-no-022015","status":"publish","type":"post","link":"https:\/\/cme.santarosa.rs.gov.br\/?p=1154","title":{"rendered":"Parecer CME n\u00ba 02\/2015"},"content":{"rendered":"<hr \/>\n<p>Documento\u00a0em pdf &#8211; Link: \u25ba<strong><a href=\"http:\/\/cme.santarosa.rs.gov.br\/wp-content\/uploads\/2016\/04\/Parecer-02-2015.pdf\">Parecer 02-2015<\/a><\/strong><\/p>\n<hr \/>\n<p>&nbsp;<\/p>\n<p><b>PARECER CME n\u00ba 002 \/2015<\/b><\/p>\n<p class=\"western\"><b>Of\u00edcio SMEJ n\u00ba 347\/2015<\/b><\/p>\n<p align=\"left\"><span style=\"font-size: medium;\"><i><b>Aprova altera\u00e7\u00e3o do Regimento Escolar da Escola Municipal de Ensino Fundamental Pedro Speroni,\u00a0<\/b><\/i><\/span><span style=\"font-size: medium;\"><i><b>Santa Rosa.<\/b><\/i><\/span><\/p>\n<p align=\"justify\"><strong><span style=\"font-size: large;\"><span style=\"font-size: medium;\">RELAT\u00d3RIO<\/span><\/span><\/strong><\/p>\n<p class=\"western\" align=\"justify\">A Secretaria Municipal de Educa\u00e7\u00e3o e Juventude, encaminha a este Conselho, atrav\u00e9s do Of\u00edcio SMEJ n\u00ba 347 de 22 de dezembro de 2014, proposta de altera\u00e7\u00e3o do item avalia\u00e7\u00e3o e express\u00e3o dos resultados, no Regimento Escolar da Escola Municipal de Ensino Fundamental Pedro Speroni, localizada na rua Joaquim Rodrigues n\u00ba 1661 \u2013 Vila Speroni \u2013 Bairro Cruzeiro, Santa Rosa.<\/p>\n<p class=\"western\">2 &#8211; Acompanha o of\u00edcio:<\/p>\n<p class=\"western\" align=\"left\">2.1 &#8211; C\u00f3pia do Regimento Escolar da EMEF. Pedro Speroni com as altera\u00e7\u00f5es propostas.<\/p>\n<p class=\"western\">2. 2 &#8211; O Regimento Escolar est\u00e1 organizado de acordo com a Resolu\u00e7\u00e3o CME n\u00ba 2 de 14 de junho de 2011.<\/p>\n<p class=\"western\"><strong>AN\u00c1LISE DA MAT\u00c9RIA<\/strong><\/p>\n<p class=\"western\" align=\"justify\"><b> <\/b>3 &#8211; A an\u00e1lise do texto regimental, com a proposta de Altera\u00e7\u00e3o do Processo Pedag\u00f3gico, item 10.2 \u2013 Avalia\u00e7\u00e3o da Aprendizagem e subitem 10.2.1 \u2013 Express\u00e3o dos Resultados de Avalia\u00e7\u00e3o, com base na legisla\u00e7\u00e3o vigente, permite<b> <\/b>a Comiss\u00e3o de Ensino Fundamental e EJA atender a solicita\u00e7\u00e3o.<\/p>\n<p class=\"western\" align=\"justify\">4 &#8211; A Comiss\u00e3o indica que seja acrescentado no item: 10.2.1 &#8211; Express\u00e3o dos Resultados de Avalia\u00e7\u00e3o para os alunos do Atendimento Educacional Especializado \u2013 AEE.<\/p>\n<p class=\"western\" align=\"justify\">5 &#8211; Alerta-se a Mantenedora para:<\/p>\n<p class=\"western\" align=\"justify\">5.1 &#8211; O cumprimento do artigo 10 e artigo 12 da Resolu\u00e7\u00e3o CME n\u00ba 02 de 14 de junho de 2011.<\/p>\n<p class=\"western\" align=\"justify\">5.2 &#8211; Encaminhar no prazo de vinte dias, a contar desta data, duas c\u00f3pias do Regimento Escolar aprovado com as altera\u00e7\u00f5es indicadas no item 4, deste Parecer, afim de serem carimbadas e rubricadas.<\/p>\n<p class=\"western\"><strong>CONCLUS\u00c3O<\/strong><\/p>\n<p class=\"western\" align=\"justify\">Face ao exposto a Comiss\u00e3o de Ensino Fundamental e EJA, conclui por:<\/p>\n<p class=\"western\" align=\"justify\">a) Aprovar as altera\u00e7\u00f5es no processo de Avalia\u00e7\u00e3o da Aprendizagem e Express\u00e3o dos Resultados no Regimento Escolar da Escola Municipal de Ensino Fundamental Pedro Speroni, localizada na rua Joaquim Rodrigues n\u00ba 1661, Vila Speroni, Bairro Cruzeiro, Santa Rosa.<\/p>\n<p class=\"western\">Santa Rosa, 17 de mar\u00e7o de 2015.<\/p>\n<p class=\"western\" align=\"justify\"><b>COMISS\u00c3O DE ENSINO FUNDAMENTAL E EJA<\/b><\/p>\n<p class=\"western\" align=\"justify\"><i>Odair Rog\u00e9rio Bernard &#8211; <\/i><i><b>Relator<\/b><\/i><\/p>\n<p class=\"western\" align=\"justify\"><i>Themis Helena Patias <\/i><\/p>\n<p class=\"western\" align=\"justify\"><span lang=\"it-IT\"><i>Bianca Scaglioni Letzow &#8211; <\/i><\/span><span lang=\"it-IT\"><i><b>Presidente<\/b><\/i><\/span><\/p>\n<p class=\"western\" lang=\"it-IT\" align=\"justify\"><i>Elisa Aparecida Marqu\u00eas Brutti<\/i><\/p>\n<p class=\"western\" align=\"justify\"><i>Leonice Marlise de Souza <\/i><\/p>\n<p class=\"western\" align=\"justify\"><i>Elaine Palaver Dall&#8217;Ago &#8211; <\/i><i><b>Secret\u00e1ria<\/b><\/i><\/p>\n<p align=\"justify\"><span style=\"font-size: medium;\"><i>Ana Maria de Oliveira<\/i><\/span><\/p>\n<p align=\"justify\"><span style=\"font-size: medium;\"><i>Rita Maria Dall&#8217; Agnase<\/i><\/span><\/p>\n<p align=\"justify\"><span style=\"font-size: large;\"><span style=\"font-size: medium;\"><i><b>Aprovado,<\/b><\/i><\/span><span style=\"font-size: medium;\"><i><b> por unanimidade, pelo Plen\u00e1rio, em sess\u00e3o de 14 de abril de 2015.<\/b><\/i><\/span><\/span><\/p>\n<p style=\"text-align: center;\" align=\"justify\"><strong>Dilene Maciel Cezar<\/strong><\/p>\n<p class=\"western\" align=\"center\"><b>Presidente do Conselho Municipal de Educa\u00e7\u00e3o<\/b><\/p>\n","protected":false},"excerpt":{"rendered":"<p>Documento\u00a0em pdf &#8211; Link: \u25baParecer 02-2015 &nbsp; PARECER CME n\u00ba 002 \/2015 Of\u00edcio SMEJ n\u00ba 347\/2015 Aprova altera\u00e7\u00e3o do Regimento Escolar da Escola Municipal de Ensino Fundamental Pedro Speroni,\u00a0Santa Rosa. RELAT\u00d3RIO A Secretaria Municipal de Educa\u00e7\u00e3o e Juventude, encaminha a este Conselho, atrav\u00e9s do Of\u00edcio SMEJ n\u00ba 347 de 22 de dezembro de 2014, proposta [&hellip;]<\/p>\n","protected":false},"author":8,"featured_media":0,"comment_status":"open","ping_status":"open","sticky":false,"template":"","format":"standard","meta":{"footnotes":""},"categories":[19],"tags":[],"_links":{"self":[{"href":"https:\/\/cme.santarosa.rs.gov.br\/index.php?rest_route=\/wp\/v2\/posts\/1154"}],"collection":[{"href":"https:\/\/cme.santarosa.rs.gov.br\/index.php?rest_route=\/wp\/v2\/posts"}],"about":[{"href":"https:\/\/cme.santarosa.rs.gov.br\/index.php?rest_route=\/wp\/v2\/types\/post"}],"author":[{"embeddable":true,"href":"https:\/\/cme.santarosa.rs.gov.br\/index.php?rest_route=\/wp\/v2\/users\/8"}],"replies":[{"embeddable":true,"href":"https:\/\/cme.santarosa.rs.gov.br\/index.php?rest_route=%2Fwp%2Fv2%2Fcomments&post=1154"}],"version-history":[{"count":7,"href":"https:\/\/cme.santarosa.rs.gov.br\/index.php?rest_route=\/wp\/v2\/posts\/1154\/revisions"}],"predecessor-version":[{"id":1235,"href":"https:\/\/cme.santarosa.rs.gov.br\/index.php?rest_route=\/wp\/v2\/posts\/1154\/revisions\/1235"}],"wp:attachment":[{"href":"https:\/\/cme.santarosa.rs.gov.br\/index.php?rest_route=%2Fwp%2Fv2%2Fmedia&parent=1154"}],"wp:term":[{"taxonomy":"category","embeddable":true,"href":"https:\/\/cme.santarosa.rs.gov.br\/index.php?rest_route=%2Fwp%2Fv2%2Fcategories&post=1154"},{"taxonomy":"post_tag","embeddable":true,"href":"https:\/\/cme.santarosa.rs.gov.br\/index.php?rest_route=%2Fwp%2Fv2%2Ftags&post=1154"}],"curies":[{"name":"wp","href":"https:\/\/api.w.org\/{rel}","templated":true}]}}