{"id":1134,"date":"2016-02-25T18:07:22","date_gmt":"2016-02-25T18:07:22","guid":{"rendered":"http:\/\/cme.santarosa.rs.gov.br\/?p=1134"},"modified":"2024-07-25T13:42:53","modified_gmt":"2024-07-25T13:42:53","slug":"1134","status":"publish","type":"post","link":"https:\/\/cme.santarosa.rs.gov.br\/?p=1134","title":{"rendered":"RESOLU\u00c7\u00c3O CME N\u00ba 01, DE 14 DE OUTUBRO DE 2014 > #REVOGADA# Pela Resolu\u00e7\u00e3o 02\/2024"},"content":{"rendered":"<hr \/>\n<p class=\"western\">Documento em pdf &#8211; Link: \u25ba\u00a0<a href=\"http:\/\/cme.santarosa.rs.gov.br\/wp-content\/uploads\/2016\/02\/Resolu\u00e7\u00e3o-01-14.pdf\">Resolu\u00e7\u00e3o 01-14<\/a><\/p>\n<hr \/>\n<p class=\"western\">\n<p class=\"western\"><span style=\"font-size: medium;\"><b>RESOLU\u00c7\u00c3O CME N\u00ba 01, DE 14 DE OUTUBRO DE 2014.<\/b><\/span><\/p>\n<p class=\"western\" align=\"justify\"><span style=\"font-size: medium;\"><b> Estabelece normas para a Cria\u00e7\u00e3o e Autoriza\u00e7\u00e3o de Centro de Educa\u00e7\u00e3o Infantil no Sistema Municipal de Ensino de Santa Rosa.<\/b><\/span><\/p>\n<p class=\"western\" align=\"justify\"><b> <\/b><span style=\"font-size: medium;\">O CONSELHO MUNICIPAL DE EDUCA\u00c7\u00c3O DE SANTA ROSA, no uso de suas atribui\u00e7\u00f5es, com base no inciso III e IV do artigo XI da Lei de Diretrizes e Bases da Educa\u00e7\u00e3o Nacional n\u00ba 9.394 de 20 de dezembro de 1996 e no artigo 2\u00ba da Lei Municipal n\u00ba 4530 de 20 de maio de 2009 e letra b do inciso XII do artigo 11 da Lei Municipal n\u00ba 5080 de 30 de dezembro de 2013.,<\/span><\/p>\n<p class=\"western\" align=\"justify\"><span style=\"font-size: medium;\"><b>RESOLVE:<\/b><\/span><\/p>\n<p class=\"western\" align=\"justify\"><span style=\"font-size: medium;\">Art. 1\u00ba <\/span><span style=\"font-size: medium;\">A presente Resolu\u00e7\u00e3o <\/span><span style=\"color: #000000;\"><span style=\"font-size: medium;\">institui as normas a serem observadas na organiza\u00e7\u00e3o de Centros de Educa\u00e7\u00e3o Infantil no Sistema Municipal de Ensino.<\/span><\/span><\/p>\n<p class=\"western\" align=\"justify\"><span style=\"font-size: medium;\">Art. 2\u00ba O Centro de Educa\u00e7\u00e3o Infantil se constituir\u00e1 quando da oferta de educa\u00e7\u00e3o infantil, em duas ou mais unidades de educa\u00e7\u00e3o infantil, de uma mesma entidade mantenedora.<\/span><\/p>\n<p class=\"western\" align=\"justify\"><span style=\"font-size: medium;\">Art. 3\u00ba <\/span><span style=\"font-size: medium;\">A nova unidade educacional ser\u00e1 vinculada a escola de educa\u00e7\u00e3o infantil mais pr\u00f3xima, de prefer\u00eancia, no mesmo bairro.<\/span><\/p>\n<p class=\"western\" align=\"justify\"><span style=\"font-size: medium;\">Art. 4\u00ba A escola de educa\u00e7\u00e3o infantil em funcionamento e localizada nas proximidades, ser\u00e1 o v\u00ednculo da nova institui\u00e7\u00e3o e ter\u00e1 como complemento em sua denomina\u00e7\u00e3o o termo \u201ccentro\u201d.<\/span><\/p>\n<p class=\"western\" align=\"justify\"><span style=\"font-size: medium;\">Art. 5\u00ba A unidade educacional integrante de Centro ser\u00e1 designada por Unidade de Educa\u00e7\u00e3o Infantil e<\/span> <span style=\"color: #000000;\"><span style=\"font-size: medium;\">completar\u00e1 sua denomina\u00e7\u00e3o com o nome da escola a que est\u00e1 vinculada.<\/span><\/span><\/p>\n<p class=\"western\" align=\"justify\"><span style=\"font-size: medium;\">Art. 6\u00ba A administra\u00e7\u00e3o de cada um dos estabelecimentos de ensino que comp\u00f5e o Centro de Educa\u00e7\u00e3o Infantil ser\u00e1 exercida por profissional formado em curso de gradua\u00e7\u00e3o em Pedagogia ou em n\u00edvel de P\u00f3s-gradua\u00e7\u00e3o em Educa\u00e7\u00e3o. <\/span><\/p>\n<p class=\"western\" align=\"justify\"><span style=\"font-size: medium;\">Par\u00e1grafo \u00danico: O profissional da educa\u00e7\u00e3o definido no caput deste artigo dever\u00e1 exercer as fun\u00e7\u00f5es de seu cargo integralmente no hor\u00e1rio de funcionamento da institui\u00e7\u00e3o.<\/span><\/p>\n<p class=\"western\" align=\"justify\"><span style=\"font-size: medium;\">Art. 7\u00ba As exig\u00eancias m\u00ednimas relativas \u00e0s condi\u00e7\u00f5es de infra-estrutura f\u00edsica da unidade educacional s\u00e3o as estabelecidas na Resolu\u00e7\u00e3o CME n\u00ba 04 de 10 de setembro de 2010 e Resolu\u00e7\u00e3o CME n\u00ba 2 de 10 de agosto de 2010.<\/span><\/p>\n<p class=\"western\" align=\"justify\"><span style=\"font-size: medium;\">Art. 8\u00ba Compete ao Centro de Educa\u00e7\u00e3o Infantil ao elaborar sua proposta pedag\u00f3gica atender a Resolu\u00e7\u00e3o CME n\u00ba 2 de 03 de agosto de 2010.<\/span><\/p>\n<p class=\"western\" align=\"justify\"><span style=\"font-size: medium;\">Art. 9\u00ba A unidade de educa\u00e7\u00e3o infantil dever\u00e1 organizar o n\u00famero de crian\u00e7as por turma, de acordo com o que estabelece o artigo 10\u00ba, da Resolu\u00e7\u00e3o CME n\u00ba 02\/2010.<\/span><\/p>\n<p class=\"western\" align=\"justify\"><span style=\"font-size: medium;\">Art. 10. O pedido de autoriza\u00e7\u00e3o de funcionamento da unidade de educa\u00e7\u00e3o infantil privada deve ser feito, pelo menos sessenta dias (60), antes do prazo previsto para o in\u00edcio das atividades e tem sua origem atrav\u00e9s de requerimento da Mantenedora dirigido \u00e0 Secretaria Municipal de Educa\u00e7\u00e3o e Juventude solicitando abertura de processo a ser encaminhado para aprecia\u00e7\u00e3o do CME, e instru\u00eddo com os seguintes documentos:<\/span><\/p>\n<p class=\"western\" align=\"justify\"><span style=\"font-size: medium;\">I \u2013 Declara\u00e7\u00e3o expressa do respons\u00e1vel legal referente \u00e0 designa\u00e7\u00e3o e aos fins a que se de stina;<\/span><\/p>\n<p align=\"justify\"><span style=\"font-size: large;\"><span style=\"font-size: medium;\">II \u2013 Justificativa do pedido em que manifeste o interesse p\u00fablico, origem e necessidade de cria\u00e7\u00e3o de unidade educacional.<\/span><\/span><\/p>\n<p align=\"justify\"><span style=\"font-size: large;\"><span style=\"font-size: medium;\">III &#8211; Comprova\u00e7\u00e3o de propriedade do im\u00f3vel ou de seu direito de uso, cujo contrato contenha cl\u00e1usula de renova\u00e7\u00e3o autom\u00e1tica.<\/span><\/span><\/p>\n<p align=\"justify\"><span style=\"font-size: large;\"><span style=\"font-size: medium;\">IV &#8211; C\u00f3pia de documento comprobat\u00f3rio do cadastramento junto \u00e0 SMEJ;<\/span><\/span><\/p>\n<p align=\"justify\"><span style=\"font-size: large;\"><span style=\"font-size: medium;\">V- Alvar\u00e1 de Licen\u00e7a para Localiza\u00e7\u00e3o expedido pela Prefeitura Municipal;<\/span><\/span><\/p>\n<p class=\"western\" align=\"justify\"><span style=\"font-size: medium;\">VI &#8211; Projeto Pol\u00edtico-Pedag\u00f3gico;<\/span><\/p>\n<p align=\"justify\"><span style=\"font-size: large;\"><span style=\"font-size: medium;\">VII &#8211; Plano de atualiza\u00e7\u00e3o permanente dos Recursos Humanos;<\/span><\/span><\/p>\n<p align=\"justify\"><span style=\"font-size: large;\"><span style=\"font-size: medium;\">VIII &#8211; C\u00f3pia do Regimento Escolar;<\/span><\/span><\/p>\n<p align=\"justify\"><span style=\"font-size: large;\"><span style=\"font-size: medium;\">IX &#8211; Laudo de Inspe\u00e7\u00e3o Sanit\u00e1ria;<\/span><\/span><\/p>\n<p align=\"left\"><span style=\"font-size: large;\"><span style=\"font-size: medium;\">X &#8211; Rela\u00e7\u00e3o dos Recursos Humanos, com respectivas fun\u00e7\u00f5es e comprova\u00e7\u00e3o de sua habilita\u00e7\u00e3o;<\/span><\/span><\/p>\n<p align=\"left\"><span style=\"font-size: large;\"><span style=\"font-size: medium;\">XI &#8211; Previs\u00e3o de matr\u00edculas com demonstrativo da organiza\u00e7\u00e3o de grupos;<\/span><\/span><\/p>\n<p align=\"left\"><span style=\"font-size: large;\"><span style=\"font-size: medium;\">XII &#8211; Planta da Situa\u00e7\u00e3o, Localiza\u00e7\u00e3o e Plantas Baixas de todas as depend\u00eancias com suas dimens\u00f5es, podendo ser sob a forma de croqui, desde que assinado por profissional t\u00e9cnico habilitado;<\/span><\/span><\/p>\n<p align=\"left\"><span style=\"font-size: large;\"><span style=\"font-size: medium;\">XIII &#8211; Rela\u00e7\u00e3o do mobili\u00e1rio, equipamentos, material did\u00e1tico-pedag\u00f3gico e acervo bibliogr\u00e1fico adequado para atender a demanda.<\/span><\/span><\/p>\n<p align=\"justify\"><span style=\"font-size: large;\"><span style=\"font-size: medium;\">Art. 11. O pedido de autoriza\u00e7\u00e3o de funcionamento da Unidade de Educa\u00e7\u00e3o Infantil Municipal, formaliza-se atrav\u00e9s da abertura de processo pela SMEJ, pelo menos sessenta (60) dias antes do prazo previsto para o in\u00edcio das atividades, e dever\u00e1 ser encaminhado para aprecia\u00e7\u00e3o do CME com os seguintes documen:<\/span><\/span><\/p>\n<p align=\"justify\"><span style=\"font-size: large;\"><span style=\"font-size: medium;\">I &#8211; Of\u00edcio da autoridade respons\u00e1vel encaminhando a solicita\u00e7\u00e3o<\/span><\/span><\/p>\n<p align=\"justify\"><span style=\"font-size: large;\"><span style=\"font-size: medium;\">da autoriza\u00e7\u00e3o do funcionamento: <\/span><\/span><\/p>\n<p align=\"left\"><span style=\"font-size: large;\"><span style=\"font-size: medium;\">II \u2013 Justificativa do pedido em que manifeste o interesse p\u00fablico, origem e necessidade de cria\u00e7\u00e3o de unidade educacional;<\/span><\/span><\/p>\n<p align=\"justify\"><span style=\"font-size: large;\"><span style=\"font-size: medium;\">III &#8211; Projeto Pol\u00edtico-Pedag\u00f3gico;<\/span><\/span><\/p>\n<p align=\"justify\"><span style=\"font-size: large;\"><span style=\"font-size: medium;\">IV &#8211; C\u00f3pia do Regimento Escolar;<\/span><\/span><\/p>\n<p align=\"justify\"><span style=\"font-size: large;\"><span style=\"font-size: medium;\">V &#8211; Plano de Forma\u00e7\u00e3o Continuada para os Trabalhadores em Educa\u00e7\u00e3o;<\/span><\/span><\/p>\n<p align=\"left\"><span style=\"font-size: large;\"><span style=\"font-size: medium;\">VI &#8211; Planta da Situa\u00e7\u00e3o, Localiza\u00e7\u00e3o e Planta Baixa de todas as depend\u00eancias com suas dimens\u00f5es e assinada por profissional t\u00e9cnico habilitado;<\/span><\/span><\/p>\n<p align=\"left\"><span style=\"font-size: large;\"><span style=\"font-size: medium;\">VII &#8211; Rela\u00e7\u00e3o dos recursos humanos, com respectivas fun\u00e7\u00f5es e comprova\u00e7\u00e3o de sua habilita\u00e7\u00e3o;<\/span><\/span><\/p>\n<p align=\"left\"><span style=\"font-size: large;\"><span style=\"font-size: medium;\">VIII &#8211; Previs\u00e3o do n\u00famero de matr\u00edcula com demonstrativo da organiza\u00e7\u00e3o de grupos;<\/span><\/span><\/p>\n<p align=\"left\"><span style=\"font-size: large;\"><span style=\"font-size: medium;\">IX &#8211; Rela\u00e7\u00e3o do mobili\u00e1rio, equipamentos, material did\u00e1tico -pedag\u00f3gico e acervo bibliogr\u00e1fico adequado para atender a demanda.<\/span><\/span><\/p>\n<p align=\"justify\"><span style=\"font-size: large;\"><span style=\"font-size: medium;\">X &#8211; Laudo de Inspe\u00e7\u00e3o Sanit\u00e1ria.<\/span><\/span><\/p>\n<p class=\"western\" align=\"justify\"><span style=\"font-size: medium;\">Art. 12. Ap\u00f3s an\u00e1lise desta documenta\u00e7\u00e3o cabe ao Conselho Municipal de Educa\u00e7\u00e3o realizar verifica\u00e7\u00e3o \u201cin loco\u201d para comprova\u00e7\u00e3o das informa\u00e7\u00f5es junto a Institui\u00e7\u00e3o de Ensino, atendendo tamb\u00e9m ao que estabelece a Resolu\u00e7\u00e3o CME n\u00ba 02\/2010, para posterior elabora\u00e7\u00e3o do Parecer de Autoriza\u00e7\u00e3o de Funcionamento.<\/span><\/p>\n<p align=\"justify\"><span style=\"font-size: large;\"><span style=\"font-size: medium;\">Art. 13. A autoriza\u00e7\u00e3o para funcionamento de Institui\u00e7\u00f5es \u00e9 concedida pelo CME por um per\u00edodo de at\u00e9 4 anos.<\/span><\/span><\/p>\n<p align=\"justify\"><span style=\"font-size: large;\"><span style=\"font-size: medium;\">Art. 14. Os procedimentos para renova\u00e7\u00e3o de autoriza\u00e7\u00e3o de funcionamento, a mudan\u00e7a de endere\u00e7o e a amplia\u00e7\u00e3o de pr\u00e9dio de unidade de educa\u00e7\u00e3o infantil p\u00fablica e privada s\u00e3o reguladas pela Resolu\u00e7\u00e3o CME n\u00ba 4 de 10 de setembro de 2010.<\/span><\/span><\/p>\n<p align=\"left\"><span style=\"font-size: large;\"><span style=\"font-size: medium;\">Art. 15. Esta Resolu\u00e7\u00e3o entra em vigor, na data de sua homologa\u00e7\u00e3o.<\/span><\/span><\/p>\n<p><span style=\"font-size: large;\"><span style=\"font-size: medium;\"><i>Aprovada, por unanimidade, em sess\u00e3o plen\u00e1ria de 14 de outubro de 2014.<\/i><\/span><\/span><\/p>\n<p><span style=\"font-size: large;\"><span style=\"font-size: medium;\">S<\/span><span style=\"font-size: medium;\">anta Rosa, 14 de outubro de 2014.<\/span><\/span><\/p>\n<p><span style=\"font-size: large;\"><span style=\"font-size: medium;\"><b>Comiss\u00e3o de Educa\u00e7\u00e3o Infantil<\/b><\/span><\/span><\/p>\n<p><span style=\"font-size: large;\"><span style=\"font-size: medium;\">Odair Fernando Nunes &#8211; Presidente <\/span><\/span><\/p>\n<p class=\"western\" align=\"justify\"><span style=\"font-size: medium;\">\u00c2ngela Clarice Hofmeister Mateus &#8211; Relatora<\/span><\/p>\n<p class=\"western\" align=\"justify\"><span style=\"font-size: medium;\">Karla fehlauer Cappellari<\/span><\/p>\n<p class=\"western\" align=\"justify\"><span style=\"font-size: medium;\">Giseli G. Zavacki &#8211; Secret\u00e1ria<\/span><\/p>\n<p class=\"western\" align=\"justify\"><span style=\"font-size: medium;\">Ivete Faccin<\/span><\/p>\n<p class=\"western\" align=\"justify\"><span style=\"font-size: medium;\">Na\u00edma Marmitt Wadi<\/span><\/p>\n<p class=\"western\" align=\"justify\"><span style=\"font-size: medium;\">Nestor Tatsch<\/span><\/p>\n<p align=\"center\"><span style=\"font-size: large;\"><span style=\"font-size: medium;\"><b>Dilene Maciel Cezar<\/b><\/span><\/span><\/p>\n<p align=\"center\"><span style=\"font-size: large;\"><span style=\"font-size: medium;\"><b>P<\/b><\/span><span style=\"font-size: medium;\"><b>residente do Conselho Municipal de Educa\u00e7\u00e3o<\/b><\/span><\/span><\/p>\n","protected":false},"excerpt":{"rendered":"<p>Documento em pdf &#8211; Link: \u25ba\u00a0Resolu\u00e7\u00e3o 01-14 RESOLU\u00c7\u00c3O CME N\u00ba 01, DE 14 DE OUTUBRO DE 2014. Estabelece normas para a Cria\u00e7\u00e3o e Autoriza\u00e7\u00e3o de Centro de Educa\u00e7\u00e3o Infantil no Sistema Municipal de Ensino de Santa Rosa. O CONSELHO MUNICIPAL DE EDUCA\u00c7\u00c3O DE SANTA ROSA, no uso de suas atribui\u00e7\u00f5es, com base no inciso III [&hellip;]<\/p>\n","protected":false},"author":6,"featured_media":0,"comment_status":"open","ping_status":"open","sticky":false,"template":"","format":"standard","meta":{"footnotes":""},"categories":[20],"tags":[],"_links":{"self":[{"href":"https:\/\/cme.santarosa.rs.gov.br\/index.php?rest_route=\/wp\/v2\/posts\/1134"}],"collection":[{"href":"https:\/\/cme.santarosa.rs.gov.br\/index.php?rest_route=\/wp\/v2\/posts"}],"about":[{"href":"https:\/\/cme.santarosa.rs.gov.br\/index.php?rest_route=\/wp\/v2\/types\/post"}],"author":[{"embeddable":true,"href":"https:\/\/cme.santarosa.rs.gov.br\/index.php?rest_route=\/wp\/v2\/users\/6"}],"replies":[{"embeddable":true,"href":"https:\/\/cme.santarosa.rs.gov.br\/index.php?rest_route=%2Fwp%2Fv2%2Fcomments&post=1134"}],"version-history":[{"count":6,"href":"https:\/\/cme.santarosa.rs.gov.br\/index.php?rest_route=\/wp\/v2\/posts\/1134\/revisions"}],"predecessor-version":[{"id":3049,"href":"https:\/\/cme.santarosa.rs.gov.br\/index.php?rest_route=\/wp\/v2\/posts\/1134\/revisions\/3049"}],"wp:attachment":[{"href":"https:\/\/cme.santarosa.rs.gov.br\/index.php?rest_route=%2Fwp%2Fv2%2Fmedia&parent=1134"}],"wp:term":[{"taxonomy":"category","embeddable":true,"href":"https:\/\/cme.santarosa.rs.gov.br\/index.php?rest_route=%2Fwp%2Fv2%2Fcategories&post=1134"},{"taxonomy":"post_tag","embeddable":true,"href":"https:\/\/cme.santarosa.rs.gov.br\/index.php?rest_route=%2Fwp%2Fv2%2Ftags&post=1134"}],"curies":[{"name":"wp","href":"https:\/\/api.w.org\/{rel}","templated":true}]}}